{"id":117627,"date":"2025-12-11T19:46:43","date_gmt":"2025-12-11T19:46:43","guid":{"rendered":"https:\/\/primicias2262.com\/noticias\/?p=117627"},"modified":"2025-12-11T19:46:43","modified_gmt":"2025-12-11T19:46:43","slug":"la-actc-quito-a-buenos-aires-de-la-temporada-2026","status":"publish","type":"post","link":"https:\/\/primicias2262.com\/noticias\/la-actc-quito-a-buenos-aires-de-la-temporada-2026\/","title":{"rendered":"La ACTC quit\u00f3 a Buenos Aires de la temporada 2026"},"content":{"rendered":"<p>La Asociaci\u00f3n Corredores Turismo Carretera (ACTC) confirm\u00f3 que el Turismo Carretera no correr\u00e1 en Buenos Aires durante toda la temporada 2026 y oficializ\u00f3 el regreso de Rafaela al calendario.<\/p>\n<p>La ACTC cerr\u00f3 la puerta al aut\u00f3dromo Juan y Oscar G\u00e1lvez en medio del conflicto pol\u00edtico con el Autom\u00f3vil Club Argentino (ACA) y avanz\u00f3 con la construcci\u00f3n de un calendario que repetir\u00e1 el formato del a\u00f1o pr\u00f3ximo.<\/p>\n<p>La decisi\u00f3n fue ratificada por el presidente de la ACTC, Hugo Mazzacane, quien asegur\u00f3 que \u201cninguna categor\u00eda fiscalizada por la ACTC va a estar en el G\u00e1lvez\u201d y atribuy\u00f3 la determinaci\u00f3n al rumbo elegido por el Gobierno porte\u00f1o.<\/p>\n<p>Mazzacane remarc\u00f3 que no se trata de las obras programadas para MotoGP 2027 ni de las gestiones para atraer a la F\u00f3rmula 1, sino de un desacuerdo pol\u00edtico y dirigencial que se profundiz\u00f3 en los \u00faltimos meses.<\/p>\n<p>Seg\u00fan public\u00f3 Automundo y que pudo recopilar\u00a0<a href=\"https:\/\/es.wikipedia.org\/wiki\/Noticias_Argentinas\" target=\"_blank\" rel=\"noopener nofollow\"><strong>Agencia Noticias Argentinas<\/strong><\/a>, la ruptura responde al aval del Gobierno de la Ciudad al TC2000 para montar un callejero en las inmediaciones del aut\u00f3dromo, jugada que reforz\u00f3 la alianza entre esa categor\u00eda y el ACA, actor central de la disputa por la fiscalizaci\u00f3n del automovilismo nacional por lo que la ACTC tom\u00f3 distancia y resolvi\u00f3 cortar todo v\u00ednculo con el trazado porte\u00f1o.<\/p>\n<p>En paralelo, Mazzacane celebr\u00f3 el regreso de Rafaela, ausente en 2025, y destac\u00f3 el valor hist\u00f3rico de su \u00f3valo con tres chicanas, y sostuvo que comienza una etapa enfocada en mejorar aut\u00f3dromos y servicios para equipos y pilotos, con el objetivo de consolidar la presencia de plazas tradicionales en el calendario.<\/p>\n<p>Mazzacane evit\u00f3 escalar el conflicto personal con el presidente del ACA, C\u00e9sar Carman, y afirm\u00f3 que \u201cmantiene una relaci\u00f3n correcta\u201d pese a la falta de avances en las reuniones previas, y explic\u00f3 que dejaron de asistir cuando \u201cla realidad marc\u00f3 que no hab\u00eda una buena salida\u201d pero sostuvo que est\u00e1 dispuesto a retomar el di\u00e1logo si el ACA lo solicita.<\/p>\n<h3>Como iniciar\u00e1 la temporada 2026 del TC<\/h3>\n<p title=\"__IP__\" data-ipspy=\"__IP__\">El TC y el TC Pista abrir\u00e1n el campeonato el 14 y 15 de febrero en El Calafate, luego el cronograma continuar\u00e1 el 8 de marzo en Viedma, el 29 de marzo en Neuqu\u00e9n y el 19 de abril en el Cabal\u00e9n de Alta Gracia.<span data-nosnippet=\"\">__IP__<\/span><\/p>\n<p>Se mantendr\u00e1n las 15 fechas y la Copa de Oro volver\u00e1 a comenzar en San Luis, en la und\u00e9cima. Tambi\u00e9n figuran en carpeta Toay, Termas de R\u00edo Hondo, Posadas, Concepci\u00f3n del Uruguay, San Nicol\u00e1s y Paran\u00e1, aunque restan confirmaciones puntuales.<\/p>\n","protected":false},"excerpt":{"rendered":"<p>La Asociaci\u00f3n Corredores Turismo Carretera (ACTC) confirm\u00f3 que el Turismo Carretera no correr\u00e1 en Buenos Aires durante toda la temporada 2026 y oficializ\u00f3 el regreso de Rafaela al calendario. La ACTC cerr\u00f3 la puerta al aut\u00f3dromo Juan y Oscar G\u00e1lvez en medio del conflicto pol\u00edtico con el Autom\u00f3vil Club Argentino (ACA) y avanz\u00f3 con la [&hellip;]<\/p>\n","protected":false},"author":3,"featured_media":117628,"comment_status":"open","ping_status":"open","sticky":false,"template":"","format":"standard","meta":{"footnotes":""},"categories":[7],"tags":[],"class_list":{"0":"post-117627","1":"post","2":"type-post","3":"status-publish","4":"format-standard","5":"has-post-thumbnail","7":"category-nac"},"_links":{"self":[{"href":"https:\/\/primicias2262.com\/noticias\/wp-json\/wp\/v2\/posts\/117627","targetHints":{"allow":["GET"]}}],"collection":[{"href":"https:\/\/primicias2262.com\/noticias\/wp-json\/wp\/v2\/posts"}],"about":[{"href":"https:\/\/primicias2262.com\/noticias\/wp-json\/wp\/v2\/types\/post"}],"author":[{"embeddable":true,"href":"https:\/\/primicias2262.com\/noticias\/wp-json\/wp\/v2\/users\/3"}],"replies":[{"embeddable":true,"href":"https:\/\/primicias2262.com\/noticias\/wp-json\/wp\/v2\/comments?post=117627"}],"version-history":[{"count":2,"href":"https:\/\/primicias2262.com\/noticias\/wp-json\/wp\/v2\/posts\/117627\/revisions"}],"predecessor-version":[{"id":117630,"href":"https:\/\/primicias2262.com\/noticias\/wp-json\/wp\/v2\/posts\/117627\/revisions\/117630"}],"wp:featuredmedia":[{"embeddable":true,"href":"https:\/\/primicias2262.com\/noticias\/wp-json\/wp\/v2\/media\/117628"}],"wp:attachment":[{"href":"https:\/\/primicias2262.com\/noticias\/wp-json\/wp\/v2\/media?parent=117627"}],"wp:term":[{"taxonomy":"category","embeddable":true,"href":"https:\/\/primicias2262.com\/noticias\/wp-json\/wp\/v2\/categories?post=117627"},{"taxonomy":"post_tag","embeddable":true,"href":"https:\/\/primicias2262.com\/noticias\/wp-json\/wp\/v2\/tags?post=117627"}],"curies":[{"name":"wp","href":"https:\/\/api.w.org\/{rel}","templated":true}]}}