{"id":117637,"date":"2025-12-12T20:16:23","date_gmt":"2025-12-12T20:16:23","guid":{"rendered":"https:\/\/primicias2262.com\/noticias\/?p=117637"},"modified":"2025-12-12T20:16:23","modified_gmt":"2025-12-12T20:16:23","slug":"le-quitaron-la-causa-a-rafecas-despues-de-los-allanamientos-en-la-finca-vinculada-a-dirigentes-de-la-afa","status":"publish","type":"post","link":"https:\/\/primicias2262.com\/noticias\/le-quitaron-la-causa-a-rafecas-despues-de-los-allanamientos-en-la-finca-vinculada-a-dirigentes-de-la-afa\/","title":{"rendered":"Le quitaron la causa a Rafecas despu\u00e9s de los allanamientos en la finca vinculada a dirigentes de la AFA"},"content":{"rendered":"<p>La C\u00e1mara Criminal y Correccional Federal resolvi\u00f3 este viernes que el Juzgado Nacional en lo Penal Econ\u00f3mico 10 debe\u00a0<a href=\"https:\/\/noticiasargentinas.com\/politica\/judiciales\/allanamiento-en-la-finca-vinculada-a-dirigentes-de-la-afa--45-autos-de-lujo-y-7-motos--_a693c184f19b2376a775331f8\">continuar la investigaci\u00f3n por presunto lavado de activos que involucra a Nicol\u00e1s Pantano y Ana Luc\u00eda Conte<\/a>\u00a0-acusados de adquirir un inmueble en Pilar a trav\u00e9s de la firma\u00a0<strong>Real Central S.R.L.<\/strong>\u00a0sin respaldo econ\u00f3mico suficiente- seg\u00fan pudo confirmar la\u00a0<a href=\"https:\/\/es.wikipedia.org\/wiki\/Noticias_Argentinas\" target=\"_blank\" rel=\"noopener nofollow\"><strong>Agencia Noticias Argentinas<\/strong><\/a>\u00a0con fuentes judiciales.<\/p>\n<p>El conflicto de competencia se origin\u00f3 luego de que el juez federal\u00a0<strong>Daniel Rafecas\u00a0<\/strong>se declarara incompetente y remitiera la causa al fuero penal econ\u00f3mico, cuya magistrada interina rechaz\u00f3 la intervenci\u00f3n y devolvi\u00f3 el expediente.<\/p>\n<p>La Sala I de la C\u00e1mara sostuvo que los hechos encuadran, en principio, en el delito previsto en el art\u00edculo 303 del C\u00f3digo Penal y que, al no advertirse elementos que justifiquen la intervenci\u00f3n del fuero criminal federal, la causa debe tramitar en la jurisdicci\u00f3n penal econ\u00f3mica, especializada en materia de orden econ\u00f3mico y financiero.<\/p>\n<p>El tribunal indic\u00f3 que el juzgado interviniente deber\u00e1 evaluar la competencia territorial.<\/p>\n<p>En el allanamiento de la finca de Pilar que habia sido ordenado por Rafecas<strong>\u00a0se hallaron 45 autos de lujo y\/o de colecci\u00f3n, 7 motos de alta cilindrada y 2 kartings, todos propiedad de la firma Real Central SRL<\/strong>.<\/p>\n<p>La finca en Villa Rosa, partido bonaerense de Pilar, es atribuida al presidente de la AFA,\u00a0<strong>Claudio \u201cChiqui\u201d Tapia<\/strong>, y a\u00a0<strong>Pablo Toviggino<\/strong>\u00a0en el marco de una investigaci\u00f3n patrimonial, seg\u00fan pudo saber la\u00a0<strong>Agencia Noticias Argentinas<\/strong>\u00a0de fuentes judiciales.<\/p>\n<p>Seg\u00fan fuentes del caso, al predio registrado a nombre de la sociedad Real Central SA, de\u00a0<strong>Luciano Pantano<\/strong>\u00a0y su madre,<strong>\u00a0Ana Conte<\/strong>, ingresaron tambi\u00e9n seis peritos designados para realizar la tasaci\u00f3n del inmueble: tres enviados por la Corte Suprema y tres del Colegio de Martilleros de San Isidro.<\/p>\n<p title=\"__IP__\" data-ipspy=\"__IP__\">El procedimiento comprende la filmaci\u00f3n completa del lugar, adem\u00e1s de la toma de fotograf\u00edas en todas las \u00e1reas del inmueble. Las medidas incluyen el relevamiento y la tasaci\u00f3n de veh\u00edculos u objetos suntuarios que se encontraron en el predio.<span data-nosnippet=\"\">__IP__<\/span><\/p>\n","protected":false},"excerpt":{"rendered":"<p>La C\u00e1mara Criminal y Correccional Federal resolvi\u00f3 este viernes que el Juzgado Nacional en lo Penal Econ\u00f3mico 10 debe\u00a0continuar la investigaci\u00f3n por presunto lavado de activos que involucra a Nicol\u00e1s Pantano y Ana Luc\u00eda Conte\u00a0-acusados de adquirir un inmueble en Pilar a trav\u00e9s de la firma\u00a0Real Central S.R.L.\u00a0sin respaldo econ\u00f3mico suficiente- seg\u00fan pudo confirmar la\u00a0Agencia [&hellip;]<\/p>\n","protected":false},"author":3,"featured_media":117638,"comment_status":"open","ping_status":"open","sticky":false,"template":"","format":"standard","meta":{"footnotes":""},"categories":[7],"tags":[],"class_list":{"0":"post-117637","1":"post","2":"type-post","3":"status-publish","4":"format-standard","5":"has-post-thumbnail","7":"category-nac"},"_links":{"self":[{"href":"https:\/\/primicias2262.com\/noticias\/wp-json\/wp\/v2\/posts\/117637","targetHints":{"allow":["GET"]}}],"collection":[{"href":"https:\/\/primicias2262.com\/noticias\/wp-json\/wp\/v2\/posts"}],"about":[{"href":"https:\/\/primicias2262.com\/noticias\/wp-json\/wp\/v2\/types\/post"}],"author":[{"embeddable":true,"href":"https:\/\/primicias2262.com\/noticias\/wp-json\/wp\/v2\/users\/3"}],"replies":[{"embeddable":true,"href":"https:\/\/primicias2262.com\/noticias\/wp-json\/wp\/v2\/comments?post=117637"}],"version-history":[{"count":1,"href":"https:\/\/primicias2262.com\/noticias\/wp-json\/wp\/v2\/posts\/117637\/revisions"}],"predecessor-version":[{"id":117639,"href":"https:\/\/primicias2262.com\/noticias\/wp-json\/wp\/v2\/posts\/117637\/revisions\/117639"}],"wp:featuredmedia":[{"embeddable":true,"href":"https:\/\/primicias2262.com\/noticias\/wp-json\/wp\/v2\/media\/117638"}],"wp:attachment":[{"href":"https:\/\/primicias2262.com\/noticias\/wp-json\/wp\/v2\/media?parent=117637"}],"wp:term":[{"taxonomy":"category","embeddable":true,"href":"https:\/\/primicias2262.com\/noticias\/wp-json\/wp\/v2\/categories?post=117637"},{"taxonomy":"post_tag","embeddable":true,"href":"https:\/\/primicias2262.com\/noticias\/wp-json\/wp\/v2\/tags?post=117637"}],"curies":[{"name":"wp","href":"https:\/\/api.w.org\/{rel}","templated":true}]}}