{"id":117642,"date":"2025-12-12T20:21:01","date_gmt":"2025-12-12T20:21:01","guid":{"rendered":"https:\/\/primicias2262.com\/noticias\/?p=117642"},"modified":"2025-12-12T20:21:01","modified_gmt":"2025-12-12T20:21:01","slug":"mesa-chica-bullrich-santilli-y-martin-menem-se-fueron-con-una-mision-de-la-casa-rosada","status":"publish","type":"post","link":"https:\/\/primicias2262.com\/noticias\/mesa-chica-bullrich-santilli-y-martin-menem-se-fueron-con-una-mision-de-la-casa-rosada\/","title":{"rendered":"Mesa chica: Bullrich, Santilli y Mart\u00edn Menem se fueron con una misi\u00f3n de la Casa Rosada"},"content":{"rendered":"<p>La jefa del bloque de senadores de La Libertad Avanza (LLA),\u00a0<strong>Patricia Bullrich<\/strong>; el presidente de la C\u00e1mara de Diputados,\u00a0<strong>Mart\u00edn Menem<\/strong>, y el ministro del Interior,\u00a0<strong>Diego Santilli<\/strong>, profundizar\u00e1n en los pr\u00f3ximos d\u00edas las gestiones para conseguir apoyos de distintos sectores para\u00a0<strong>la sanci\u00f3n del Presupuesto 2026 y la reforma laboral en las sesiones extraordinarias del Congreso<\/strong>.<\/p>\n<p>As\u00ed lo pudo saber la\u00a0<a href=\"https:\/\/es.wikipedia.org\/wiki\/Noticias_Argentinas\" target=\"_blank\" rel=\"noopener nofollow\"><strong>Agencia Noticias Argentinas<\/strong><\/a>\u00a0al t\u00e9rmino de la reuni\u00f3n de \u2018mesa chica\u2019 que tuvo lugar durante el mediod\u00eda en Casa Rosada, despu\u00e9s de que el presidente<strong>\u00a0Javier Milei<\/strong>\u00a0le tomar\u00e1 juramento al flamante ministro de Defensa, Carlos Presti.<\/p>\n<p>De la reuni\u00f3n pol\u00edtica no participaron ni Milei ni la secretaria general de la Presidencia,\u00a0<strong>Karina Milei<\/strong>, que emprendieron el viaje a C\u00f3rdoba para participar, por la tarde, del \u2018Tour de la Gratitud\u2019 en la capital de esa provincia.<\/p>\n<p title=\"__IP__\" data-ipspy=\"__IP__\">Pero s\u00ed estuvieron el jefe de Gabinete,\u00a0<strong>Manuel Adorni<\/strong>; Santilli, Bullrich, Mart\u00edn Menem; el secreterio de Hacienda,<strong>\u00a0Carlos Guberman<\/strong>; el asesor S<strong>antiago Caputo<\/strong>\u00a0y el armador\u00a0<strong>Eduardo \u2018Lule\u2019 Menem<\/strong>.<span data-nosnippet=\"\">__IP__<\/span><\/p>\n<p>En el encuentro se defini\u00f3 que tanto Bullrich como Mart\u00edn Menem intensificar\u00e1n las negociaciones en el Senado y la C\u00e1mara de Diputados, respectivamente, mientras Santilli har\u00e1 lo propio con los gobernadores, para reunir los apoyos necesarios que permitan torcer las voluntades en el Congreso.<\/p>\n<p>Como primer paso, Santilli se reunir\u00e1 por la tarde con el gobernador de Tucum\u00e1n,\u00a0<strong>Osvaldo Jaldo<\/strong>, que fue uno de los primeros en romper con el bloque peronista de diputados para conformar la bancada Independencia.<\/p>\n","protected":false},"excerpt":{"rendered":"<p>La jefa del bloque de senadores de La Libertad Avanza (LLA),\u00a0Patricia Bullrich; el presidente de la C\u00e1mara de Diputados,\u00a0Mart\u00edn Menem, y el ministro del Interior,\u00a0Diego Santilli, profundizar\u00e1n en los pr\u00f3ximos d\u00edas las gestiones para conseguir apoyos de distintos sectores para\u00a0la sanci\u00f3n del Presupuesto 2026 y la reforma laboral en las sesiones extraordinarias del Congreso. As\u00ed [&hellip;]<\/p>\n","protected":false},"author":3,"featured_media":117643,"comment_status":"open","ping_status":"open","sticky":false,"template":"","format":"standard","meta":{"footnotes":""},"categories":[7],"tags":[],"class_list":{"0":"post-117642","1":"post","2":"type-post","3":"status-publish","4":"format-standard","5":"has-post-thumbnail","7":"category-nac"},"_links":{"self":[{"href":"https:\/\/primicias2262.com\/noticias\/wp-json\/wp\/v2\/posts\/117642","targetHints":{"allow":["GET"]}}],"collection":[{"href":"https:\/\/primicias2262.com\/noticias\/wp-json\/wp\/v2\/posts"}],"about":[{"href":"https:\/\/primicias2262.com\/noticias\/wp-json\/wp\/v2\/types\/post"}],"author":[{"embeddable":true,"href":"https:\/\/primicias2262.com\/noticias\/wp-json\/wp\/v2\/users\/3"}],"replies":[{"embeddable":true,"href":"https:\/\/primicias2262.com\/noticias\/wp-json\/wp\/v2\/comments?post=117642"}],"version-history":[{"count":1,"href":"https:\/\/primicias2262.com\/noticias\/wp-json\/wp\/v2\/posts\/117642\/revisions"}],"predecessor-version":[{"id":117644,"href":"https:\/\/primicias2262.com\/noticias\/wp-json\/wp\/v2\/posts\/117642\/revisions\/117644"}],"wp:featuredmedia":[{"embeddable":true,"href":"https:\/\/primicias2262.com\/noticias\/wp-json\/wp\/v2\/media\/117643"}],"wp:attachment":[{"href":"https:\/\/primicias2262.com\/noticias\/wp-json\/wp\/v2\/media?parent=117642"}],"wp:term":[{"taxonomy":"category","embeddable":true,"href":"https:\/\/primicias2262.com\/noticias\/wp-json\/wp\/v2\/categories?post=117642"},{"taxonomy":"post_tag","embeddable":true,"href":"https:\/\/primicias2262.com\/noticias\/wp-json\/wp\/v2\/tags?post=117642"}],"curies":[{"name":"wp","href":"https:\/\/api.w.org\/{rel}","templated":true}]}}