{"id":117650,"date":"2025-12-15T23:04:29","date_gmt":"2025-12-15T23:04:29","guid":{"rendered":"https:\/\/primicias2262.com\/noticias\/?p=117650"},"modified":"2025-12-15T23:04:29","modified_gmt":"2025-12-15T23:04:29","slug":"reforma-laboral-la-libertad-avanza-negocia-con-bloques-dialoguistas-para-tratar-la-ley-en-diciembre","status":"publish","type":"post","link":"https:\/\/primicias2262.com\/noticias\/reforma-laboral-la-libertad-avanza-negocia-con-bloques-dialoguistas-para-tratar-la-ley-en-diciembre\/","title":{"rendered":"Reforma laboral: La Libertad Avanza negocia con bloques dialoguistas para tratar la ley en diciembre"},"content":{"rendered":"<p>La Libertad Avanza llev\u00f3 a cabo este lunes negociaciones con los bloques dialoguistas para poder avanzar en la sanci\u00f3n de la reforma laboral, un d\u00eda antes que se realice la reuni\u00f3n con la vicepresidenta\u00a0<strong>Victoria Villarruel<\/strong>\u00a0para acordar el armado de las comisiones que debatir\u00e1 la iniciativa que el oficialismo busca aprobar antes de fin de a\u00f1o.<\/p>\n<p>La jefe del bloque de LLA,\u00a0<strong>Patricia Bullrich<\/strong>, mantuvo conversaciones con senadores del PRO, la UCR y bancadas provinciales para acordar el mecanismo de tratamiento de esa ley, a fin de evitar que se demore su debate, como aspira el peronismo, seg\u00fan informaron fuentes parlamentarias a la\u00a0<a href=\"https:\/\/noticiasargentinas.com\/\"><strong>Agencia Noticias Argentinas<\/strong><\/a><strong>.<\/strong><\/p>\n<p>El proyecto de reforma laboral introduce cambios profundos en las leyes que regula el mercado laboral, dado que propone la ca\u00edda de la ultraactividad, cambio el sistema de vacaciones, de indemnizaciones y otros cambios en el sistema de afiliaciones.<\/p>\n<p>El primer desafio del oficialismo ser\u00e1 ma\u00f1ana a las 10 cuando se discuta en la reuni\u00f3n convocada por Villarruel el armado de las comisiones de Legislaci\u00f3n del Trabajo y de Presupuesto, donde LLA aspira junto a sus aliados tener la mayor\u00eda para facilitar la emisi\u00f3n del despacho.<\/p>\n<p>E<strong>l esquema dise\u00f1ado por el oficialismo es comenzar a debatir en un plenario de comisiones la reforma laboral mi\u00e9rcoles, jueves y viernes -si es necesario- para emitir dictamen y as\u00ed poder tratarlo entre el viernes 26 y el martes 30, junto al Presupuesto 2026,\u00a0<\/strong>se\u00f1alaron voceros a la\u00a0<strong>Agencia Noticias Argentinas<\/strong>.<\/p>\n<p>Para ello tendr\u00e1 que acotar la lista de invitados a menos de la mitad para terminar el jueves o viernes la ronda de consultas y firmar los dict\u00e1menes, aunque para ello deber\u00e1 tener enhebrado el acuerdo con los bloques dialoguistas.<\/p>\n<p>Pero para avanzar con esa rapidez, Bullrich deber\u00e1 tener asegurados los tres votos del PRO, 10 de la UCR y por lo menos tres legisladores provinciales, ya que LLA tiene 21 integrantes y necesita 37 para asegurar el qu\u00f3rum y la sanci\u00f3n de la ley.<\/p>\n<p>El principal problema es que muchos de los aliados son gobernadores de origen peronista que no van a querer enfrentarse a la CGT, como los casos de los\u00a0<strong>mandatarios de Salta, Gustavo S\u00e1enz; Santa Cruz, Claudio Vidal, y Tucum\u00e1n, Osvaldo Jaldo.<\/strong><\/p>\n<p>La expectativa reside en si pueden contar con el respaldo de los mandatarios de Chubut,\u00a0<strong>Ignacio Torres<\/strong>, y de Neuqu\u00e9n,<strong>\u00a0Rolando Figueroa<\/strong>, quienes tienen una senadora cada uno.<\/p>\n<p title=\"__IP__\" data-ipspy=\"__IP__\">En forma paralela, el peronismo q<strong>ue tiene 28 legisladores entre sus respectivos subbloques, busca siete senadores para tumbar la ley laboral y contin\u00faa persiguiendo acuerdos con legisladores de gobernadores de origen peronista,\u00a0<\/strong>se\u00f1alaron fuentes parlamentarias.<span data-nosnippet=\"\">__IP__<\/span><\/p>\n<p>Las reuniones de comisi\u00f3n se har\u00e1n en medio de las protestas de la CTA y CGT que convocaron una marcha para el jueves a las 15 en Plaza de Mayo para rechazar de plano la reforma laboral impulsada por el presidente\u00a0<strong>Javier Milei<\/strong>.<\/p>\n","protected":false},"excerpt":{"rendered":"<p>La Libertad Avanza llev\u00f3 a cabo este lunes negociaciones con los bloques dialoguistas para poder avanzar en la sanci\u00f3n de la reforma laboral, un d\u00eda antes que se realice la reuni\u00f3n con la vicepresidenta\u00a0Victoria Villarruel\u00a0para acordar el armado de las comisiones que debatir\u00e1 la iniciativa que el oficialismo busca aprobar antes de fin de a\u00f1o. [&hellip;]<\/p>\n","protected":false},"author":3,"featured_media":111089,"comment_status":"open","ping_status":"open","sticky":false,"template":"","format":"standard","meta":{"footnotes":""},"categories":[7],"tags":[],"class_list":{"0":"post-117650","1":"post","2":"type-post","3":"status-publish","4":"format-standard","5":"has-post-thumbnail","7":"category-nac"},"_links":{"self":[{"href":"https:\/\/primicias2262.com\/noticias\/wp-json\/wp\/v2\/posts\/117650","targetHints":{"allow":["GET"]}}],"collection":[{"href":"https:\/\/primicias2262.com\/noticias\/wp-json\/wp\/v2\/posts"}],"about":[{"href":"https:\/\/primicias2262.com\/noticias\/wp-json\/wp\/v2\/types\/post"}],"author":[{"embeddable":true,"href":"https:\/\/primicias2262.com\/noticias\/wp-json\/wp\/v2\/users\/3"}],"replies":[{"embeddable":true,"href":"https:\/\/primicias2262.com\/noticias\/wp-json\/wp\/v2\/comments?post=117650"}],"version-history":[{"count":1,"href":"https:\/\/primicias2262.com\/noticias\/wp-json\/wp\/v2\/posts\/117650\/revisions"}],"predecessor-version":[{"id":117651,"href":"https:\/\/primicias2262.com\/noticias\/wp-json\/wp\/v2\/posts\/117650\/revisions\/117651"}],"wp:featuredmedia":[{"embeddable":true,"href":"https:\/\/primicias2262.com\/noticias\/wp-json\/wp\/v2\/media\/111089"}],"wp:attachment":[{"href":"https:\/\/primicias2262.com\/noticias\/wp-json\/wp\/v2\/media?parent=117650"}],"wp:term":[{"taxonomy":"category","embeddable":true,"href":"https:\/\/primicias2262.com\/noticias\/wp-json\/wp\/v2\/categories?post=117650"},{"taxonomy":"post_tag","embeddable":true,"href":"https:\/\/primicias2262.com\/noticias\/wp-json\/wp\/v2\/tags?post=117650"}],"curies":[{"name":"wp","href":"https:\/\/api.w.org\/{rel}","templated":true}]}}