{"id":117652,"date":"2025-12-15T23:07:28","date_gmt":"2025-12-15T23:07:28","guid":{"rendered":"https:\/\/primicias2262.com\/noticias\/?p=117652"},"modified":"2025-12-15T23:07:28","modified_gmt":"2025-12-15T23:07:28","slug":"se-reanuda-este-martes-el-juicio-por-la-causa-cuadernos-y-es-inminente-la-valoracion-de-la-prueba","status":"publish","type":"post","link":"https:\/\/primicias2262.com\/noticias\/se-reanuda-este-martes-el-juicio-por-la-causa-cuadernos-y-es-inminente-la-valoracion-de-la-prueba\/","title":{"rendered":"Se reanuda este martes el juicio por la causa Cuadernos y es inminente la valoraci\u00f3n de la prueba"},"content":{"rendered":"<p>El juicio por la causa Cuadernos reanudar\u00e1 este martes a las 13.30 y est\u00e1 est\u00e1 previsto que se lea el descargo de los empresarios\u00a0<strong>Patricio Gerbi, Juan Chediak, Carlos Wagner, Aldo Roggio y \u00c1ngelo Calcaterra<\/strong>\u00a0para pasar, posteriormente, a la valoraci\u00f3n de la prueba, seg\u00fan pudo saber la\u00a0<a href=\"https:\/\/es.wikipedia.org\/wiki\/Noticias_Argentinas\" target=\"_blank\" rel=\"noopener nofollow\"><strong>Agencia Noticias Argentinas<\/strong><\/a>\u00a0de fuentes judiciales.<\/p>\n<p>En tanto, la\u00a0<strong>Corte Suprema de Justicia dispuso la utilizaci\u00f3n de la Sala AMIA<\/strong>, recientemente remodelada en el edificio de Comodoro Py 2002, como nuevo espacio disponible para juicios orales de gran envergadura, en el marco de las obras de mejora edilicia del Poder Judicial.<\/p>\n<p>La decisi\u00f3n de la Corte ayudar\u00e1 para luego que el Tribunal Oral Federal 7 (TOF 7), encargado del juicio por la causa Cuadernos, y cuyos integrantes reclamaron falta edilicias, puedan acelerar el proceso judicial.<\/p>\n<p>En la audiencia del jueves \u00faltimo se detall\u00f3 c\u00f3mo fue el pacto entre empresarios y funcionarios para sostener un esquema de recaudaci\u00f3n ilegal. La acusaci\u00f3n sostiene que entre 2003 y 2015 oper\u00f3 una asociaci\u00f3n il\u00edcita integrada por<strong>\u00a0Cristina Fern\u00e1ndez de Kirchner<\/strong>\u00a0y altos funcionarios del Ministerio de Planificaci\u00f3n como<strong>\u00a0Julio De Vido, Roberto Baratta, Jos\u00e9 L\u00f3pez\u00a0<\/strong>y otros, junto a empresarios como<strong>\u00a0Carlos Wagner<\/strong>\u00a0y\u00a0<strong>Ernesto Clarens<\/strong>.<\/p>\n<p>Seg\u00fan el Ministerio P\u00fablico Fiscal, la estructura estaba destinada a generar beneficios econ\u00f3micos ilegales mediante negociaciones espurias vinculadas a la obra p\u00fablica, la energ\u00eda y el transporte. El m\u00e9todo consist\u00eda en exigir porcentajes del valor de las obras, usualmente entre el 3% y el 20%, que eran entregados como retornos a cambio de adjudicaciones y liberaci\u00f3n de pagos.<\/p>\n<p title=\"__IP__\" data-ipspy=\"__IP__\">Carlos Wagner, por entonces presidente de la C\u00e1mara Argentina de la Construcci\u00f3n, explic\u00f3 en su declaraci\u00f3n que el sistema comenzaba con reuniones en las que las empresas acordaban qui\u00e9n se quedar\u00eda con cada obra y el valor que incluir\u00eda la d\u00e1diva; despu\u00e9s trasladaba la informaci\u00f3n a<strong>\u00a0Jos\u00e9 L\u00f3pez<\/strong>, quien la remit\u00eda a funcionarios de Vialidad Nacional para incluir esos montos en los listados de pagos mensuales.<span data-nosnippet=\"\">__I<\/span><\/p>\n","protected":false},"excerpt":{"rendered":"<p>El juicio por la causa Cuadernos reanudar\u00e1 este martes a las 13.30 y est\u00e1 est\u00e1 previsto que se lea el descargo de los empresarios\u00a0Patricio Gerbi, Juan Chediak, Carlos Wagner, Aldo Roggio y \u00c1ngelo Calcaterra\u00a0para pasar, posteriormente, a la valoraci\u00f3n de la prueba, seg\u00fan pudo saber la\u00a0Agencia Noticias Argentinas\u00a0de fuentes judiciales. En tanto, la\u00a0Corte Suprema de [&hellip;]<\/p>\n","protected":false},"author":3,"featured_media":117653,"comment_status":"open","ping_status":"open","sticky":false,"template":"","format":"standard","meta":{"footnotes":""},"categories":[7],"tags":[],"class_list":{"0":"post-117652","1":"post","2":"type-post","3":"status-publish","4":"format-standard","5":"has-post-thumbnail","7":"category-nac"},"_links":{"self":[{"href":"https:\/\/primicias2262.com\/noticias\/wp-json\/wp\/v2\/posts\/117652","targetHints":{"allow":["GET"]}}],"collection":[{"href":"https:\/\/primicias2262.com\/noticias\/wp-json\/wp\/v2\/posts"}],"about":[{"href":"https:\/\/primicias2262.com\/noticias\/wp-json\/wp\/v2\/types\/post"}],"author":[{"embeddable":true,"href":"https:\/\/primicias2262.com\/noticias\/wp-json\/wp\/v2\/users\/3"}],"replies":[{"embeddable":true,"href":"https:\/\/primicias2262.com\/noticias\/wp-json\/wp\/v2\/comments?post=117652"}],"version-history":[{"count":1,"href":"https:\/\/primicias2262.com\/noticias\/wp-json\/wp\/v2\/posts\/117652\/revisions"}],"predecessor-version":[{"id":117654,"href":"https:\/\/primicias2262.com\/noticias\/wp-json\/wp\/v2\/posts\/117652\/revisions\/117654"}],"wp:featuredmedia":[{"embeddable":true,"href":"https:\/\/primicias2262.com\/noticias\/wp-json\/wp\/v2\/media\/117653"}],"wp:attachment":[{"href":"https:\/\/primicias2262.com\/noticias\/wp-json\/wp\/v2\/media?parent=117652"}],"wp:term":[{"taxonomy":"category","embeddable":true,"href":"https:\/\/primicias2262.com\/noticias\/wp-json\/wp\/v2\/categories?post=117652"},{"taxonomy":"post_tag","embeddable":true,"href":"https:\/\/primicias2262.com\/noticias\/wp-json\/wp\/v2\/tags?post=117652"}],"curies":[{"name":"wp","href":"https:\/\/api.w.org\/{rel}","templated":true}]}}