{"id":117660,"date":"2025-12-15T23:15:42","date_gmt":"2025-12-15T23:15:42","guid":{"rendered":"https:\/\/primicias2262.com\/noticias\/?p=117660"},"modified":"2025-12-16T22:47:48","modified_gmt":"2025-12-16T22:47:48","slug":"el-presidente-interino-del-consorcio-confirmo-la-plena-operatividad-del-puerto","status":"publish","type":"post","link":"https:\/\/primicias2262.com\/noticias\/el-presidente-interino-del-consorcio-confirmo-la-plena-operatividad-del-puerto\/","title":{"rendered":"El presidente interino del Consorcio confirm\u00f3 la plena operatividad del puerto"},"content":{"rendered":"<p>El recientemente designado presidente interino del Consorcio de Gesti\u00f3n de Puerto Quequ\u00e9n, Mariano Carrillo, aclar\u00f3 en \u201cVoces de la ciudad\u201d, durante una nota realizada por el periodista Jorge G\u00f3mez, que el puerto \u201cest\u00e1 operativo, siempre lo estuvo y se encuentra cerrando un a\u00f1o con cosechas r\u00e9cord, cuyos granos contin\u00faan despach\u00e1ndose con normalidad a trav\u00e9s de la terminal local\u201d.<\/p>\n<p>Carrillo asumi\u00f3 el interinato tras la situaci\u00f3n de acefal\u00eda generada por la salida de la expresidenta, Lic. Jimena L\u00f3pez, quien pas\u00f3 a desempe\u00f1arse como diputada nacional. Ante ese escenario, explic\u00f3, el Consorcio debi\u00f3 autoconvocarse, tal como prev\u00e9 el reglamento interno, para designar una autoridad transitoria que pueda conformar y convocar al Directorio, \u00f3rgano central de gobierno y administraci\u00f3n, y su persona fue elegida por unanimidad.<\/p>\n<p>\u201cEl Consorcio es un ente mixto y una persona jur\u00eddica; sin su \u00f3rgano de gobierno todo el aspecto institucional y burocr\u00e1tico se paraliza, y ah\u00ed comienzan los problemas\u201d, se\u00f1al\u00f3 quien proviene de las filas de la UATRE.<\/p>\n<p>Carrillo detall\u00f3 que el interinato mantiene el mismo grado de competencia que la autoridad saliente, aunque bajo pautas espec\u00edficas establecidas por la Provincia.<\/p>\n<p>\u201cLa recomendaci\u00f3n es muy clara: actuar con prudencia, limit\u00e1ndonos a medidas conservatorias y necesarias para continuar optimizando procedimientos, servicios y mecanismos de control. Cualquier decisi\u00f3n de gran envergadura deber\u00e1 quedar para cuando el gobernador Axel Kicillof designe a un presidente permanente\u201d, afirm\u00f3.<\/p>\n<p>Entre las definiciones tomadas por el Directorio, Carrillo confirm\u00f3 que qued\u00f3 ratificada la pr\u00f3rroga de la concesi\u00f3n de Terminal Quequ\u00e9n, en el camino hacia la licitaci\u00f3n. \u201cHemos establecido, con efecto retroactivo a noviembre, una pr\u00f3rroga de seis meses, exactamente en los t\u00e9rminos que hab\u00eda dispuesto la presidencia saliente y aceptado la empresa bajo reserva de derecho. El Directorio no agreg\u00f3 ni modific\u00f3 nada: todo contin\u00faa tal como estaba hasta ayer y la semana pasada\u201d, explic\u00f3. La pr\u00f3rroga tiene vigencia desde del 1\u00b0 de diciembre pasado.<\/p>\n<p>Finalmente, Carrillo destac\u00f3 que uno de los ejes centrales de su gesti\u00f3n interina ser\u00e1 la b\u00fasqueda de consensos dentro del Directorio, compuesto por representantes de la Provincia de Buenos Aires, la Municipalidad de Necochea, sectores empresariales y gremiales.<\/p>\n<p>\u201cEn esa diversidad, el di\u00e1logo es fundamental para alcanzar acuerdos y sostener la unidad en beneficio del Consorcio. Es una tarea cotidiana que mantendremos incluso cuando el gobernador disponga la designaci\u00f3n del presidente permanente\u201d, asegur\u00f3.<\/p>\n","protected":false},"excerpt":{"rendered":"<p>El recientemente designado presidente interino del Consorcio de Gesti\u00f3n de Puerto Quequ\u00e9n, Mariano Carrillo, aclar\u00f3 en \u201cVoces de la ciudad\u201d, durante una nota realizada por el periodista Jorge G\u00f3mez, que el puerto \u201cest\u00e1 operativo, siempre lo estuvo y se encuentra cerrando un a\u00f1o con cosechas r\u00e9cord, cuyos granos contin\u00faan despach\u00e1ndose con normalidad a trav\u00e9s de [&hellip;]<\/p>\n","protected":false},"author":3,"featured_media":117661,"comment_status":"open","ping_status":"open","sticky":false,"template":"","format":"standard","meta":{"footnotes":""},"categories":[3],"tags":[],"class_list":{"0":"post-117660","1":"post","2":"type-post","3":"status-publish","4":"format-standard","5":"has-post-thumbnail","7":"category-masnoticias"},"_links":{"self":[{"href":"https:\/\/primicias2262.com\/noticias\/wp-json\/wp\/v2\/posts\/117660","targetHints":{"allow":["GET"]}}],"collection":[{"href":"https:\/\/primicias2262.com\/noticias\/wp-json\/wp\/v2\/posts"}],"about":[{"href":"https:\/\/primicias2262.com\/noticias\/wp-json\/wp\/v2\/types\/post"}],"author":[{"embeddable":true,"href":"https:\/\/primicias2262.com\/noticias\/wp-json\/wp\/v2\/users\/3"}],"replies":[{"embeddable":true,"href":"https:\/\/primicias2262.com\/noticias\/wp-json\/wp\/v2\/comments?post=117660"}],"version-history":[{"count":1,"href":"https:\/\/primicias2262.com\/noticias\/wp-json\/wp\/v2\/posts\/117660\/revisions"}],"predecessor-version":[{"id":117662,"href":"https:\/\/primicias2262.com\/noticias\/wp-json\/wp\/v2\/posts\/117660\/revisions\/117662"}],"wp:featuredmedia":[{"embeddable":true,"href":"https:\/\/primicias2262.com\/noticias\/wp-json\/wp\/v2\/media\/117661"}],"wp:attachment":[{"href":"https:\/\/primicias2262.com\/noticias\/wp-json\/wp\/v2\/media?parent=117660"}],"wp:term":[{"taxonomy":"category","embeddable":true,"href":"https:\/\/primicias2262.com\/noticias\/wp-json\/wp\/v2\/categories?post=117660"},{"taxonomy":"post_tag","embeddable":true,"href":"https:\/\/primicias2262.com\/noticias\/wp-json\/wp\/v2\/tags?post=117660"}],"curies":[{"name":"wp","href":"https:\/\/api.w.org\/{rel}","templated":true}]}}