{"id":117663,"date":"2025-12-15T23:18:25","date_gmt":"2025-12-15T23:18:25","guid":{"rendered":"https:\/\/primicias2262.com\/noticias\/?p=117663"},"modified":"2025-12-17T20:04:15","modified_gmt":"2025-12-17T20:04:15","slug":"irungaray-hablo-sobre-el-adelanto-de-la-gripe-h3n2-en-europa-una-variante-muy-contagiosa","status":"publish","type":"post","link":"https:\/\/primicias2262.com\/noticias\/irungaray-hablo-sobre-el-adelanto-de-la-gripe-h3n2-en-europa-una-variante-muy-contagiosa\/","title":{"rendered":"Irungaray habl\u00f3 sobre el adelanto de la gripe H3N2 en Europa, una variante muy contagiosa"},"content":{"rendered":"<p>La infect\u00f3loga del Hospital Ferreyra de Necochea, Bel\u00e9n Irungaray, brind\u00f3 precisiones sobre la circulaci\u00f3n del virus de influenza H3N2 durante una nota realizada por el periodista Jorge G\u00f3mez en \u201cVoces de la ciudad\u201d. En las \u00faltimas semanas se gener\u00f3 un aumento de casos y hospitalizaciones en Europa tras adelantarse a la temporada habitual.<\/p>\n<p>Irungaray explic\u00f3 que la variante H3N2 \u201ces un virus que conocemos desde hace muchos a\u00f1os y que forma parte de los componentes habituales de la vacuna antigripal\u201d. Sin embargo, record\u00f3 que, como ocurre con todos los virus influenza, \u201cva mutando\u201d, lo que genera nuevas variantes que pueden modificar el comportamiento epidemiol\u00f3gico.<\/p>\n<p>En Europa, la campa\u00f1a anual de vacunaci\u00f3n antigripal suele recomendarse para noviembre, previo al invierno del hemisferio norte. No obstante, este a\u00f1o el virus se adelant\u00f3 a septiembre, generando un incremento temprano de casos y de internaciones.<\/p>\n<p>\u201cLo que se observa es que es un virus con mayor infectividad, m\u00e1s f\u00e1cil de transmitir. Si no estoy vacunado, tengo menos protecci\u00f3n y m\u00e1s riesgo de evolucionar de un cuadro viral inicial hacia una neumon\u00eda\u201d, detall\u00f3 la especialista.<\/p>\n<p>Frente a ese escenario, los sistemas sanitarios europeos recomiendan vacunarse de inmediato, aislarse ante la aparici\u00f3n de s\u00edntomas y tomar medidas para reducir la cadena de contagios, dado que el virus \u201cen poco tiempo genera una gran cantidad de casos\u201d.<\/p>\n<p>Aunque la situaci\u00f3n se desarrolla en Europa, Irungaray se\u00f1al\u00f3 que en Argentina es importante monitorear la evoluci\u00f3n internacional y sostener medidas de prevenci\u00f3n personales.<\/p>\n<p>\u201cDebemos ser conscientes de nuestra responsabilidad individual. Si tengo s\u00edntomas, debo aislarme, hacer reposo en casa, trabajar de manera remota si es posible y evitar el contacto con familiares de riesgo\u201d, indic\u00f3.<\/p>\n<p>Asimismo, record\u00f3 la importancia de medidas ya conocidas:<\/p>\n<p>-Uso de barbijo si hay s\u00edntomas.<br \/>\n-Lavado frecuente de manos.<br \/>\n-Ventilaci\u00f3n de los ambientes.<\/p>\n<p>Irungaray remarc\u00f3 que la recomendaci\u00f3n sanitaria local contin\u00faa siendo clara: \u201cSeguimos aconsejando que la gente se vacune contra la gripe y contra el Covid. Son herramientas fundamentales para disminuir complicaciones y hospitalizaciones\u201d.<\/p>\n","protected":false},"excerpt":{"rendered":"<p>La infect\u00f3loga del Hospital Ferreyra de Necochea, Bel\u00e9n Irungaray, brind\u00f3 precisiones sobre la circulaci\u00f3n del virus de influenza H3N2 durante una nota realizada por el periodista Jorge G\u00f3mez en \u201cVoces de la ciudad\u201d. En las \u00faltimas semanas se gener\u00f3 un aumento de casos y hospitalizaciones en Europa tras adelantarse a la temporada habitual. Irungaray explic\u00f3 [&hellip;]<\/p>\n","protected":false},"author":3,"featured_media":117664,"comment_status":"open","ping_status":"open","sticky":false,"template":"","format":"standard","meta":{"footnotes":""},"categories":[3],"tags":[],"class_list":{"0":"post-117663","1":"post","2":"type-post","3":"status-publish","4":"format-standard","5":"has-post-thumbnail","7":"category-masnoticias"},"_links":{"self":[{"href":"https:\/\/primicias2262.com\/noticias\/wp-json\/wp\/v2\/posts\/117663","targetHints":{"allow":["GET"]}}],"collection":[{"href":"https:\/\/primicias2262.com\/noticias\/wp-json\/wp\/v2\/posts"}],"about":[{"href":"https:\/\/primicias2262.com\/noticias\/wp-json\/wp\/v2\/types\/post"}],"author":[{"embeddable":true,"href":"https:\/\/primicias2262.com\/noticias\/wp-json\/wp\/v2\/users\/3"}],"replies":[{"embeddable":true,"href":"https:\/\/primicias2262.com\/noticias\/wp-json\/wp\/v2\/comments?post=117663"}],"version-history":[{"count":1,"href":"https:\/\/primicias2262.com\/noticias\/wp-json\/wp\/v2\/posts\/117663\/revisions"}],"predecessor-version":[{"id":117665,"href":"https:\/\/primicias2262.com\/noticias\/wp-json\/wp\/v2\/posts\/117663\/revisions\/117665"}],"wp:featuredmedia":[{"embeddable":true,"href":"https:\/\/primicias2262.com\/noticias\/wp-json\/wp\/v2\/media\/117664"}],"wp:attachment":[{"href":"https:\/\/primicias2262.com\/noticias\/wp-json\/wp\/v2\/media?parent=117663"}],"wp:term":[{"taxonomy":"category","embeddable":true,"href":"https:\/\/primicias2262.com\/noticias\/wp-json\/wp\/v2\/categories?post=117663"},{"taxonomy":"post_tag","embeddable":true,"href":"https:\/\/primicias2262.com\/noticias\/wp-json\/wp\/v2\/tags?post=117663"}],"curies":[{"name":"wp","href":"https:\/\/api.w.org\/{rel}","templated":true}]}}