{"id":117669,"date":"2025-12-15T23:24:18","date_gmt":"2025-12-15T23:24:18","guid":{"rendered":"https:\/\/primicias2262.com\/noticias\/?p=117669"},"modified":"2025-12-17T20:03:42","modified_gmt":"2025-12-17T20:03:42","slug":"la-reelecta-presidenta-del-consejo-escolar-paula-arguello-destaco-el-compromiso-del-cuerpo","status":"publish","type":"post","link":"https:\/\/primicias2262.com\/noticias\/la-reelecta-presidenta-del-consejo-escolar-paula-arguello-destaco-el-compromiso-del-cuerpo\/","title":{"rendered":"La reelecta presidenta del Consejo Escolar, Paula Arg\u00fcello, destac\u00f3 el compromiso del cuerpo"},"content":{"rendered":"<p>La presidenta del Consejo Escolar de Necochea, Paula Arg\u00fcello, fue reelecta por unanimidad para continuar al frente del organismo y expres\u00f3 su agradecimiento tanto a su equipo de trabajo como a los nuevos consejeros que se incorporaron en esta etapa.<\/p>\n<p>\u201cEstoy muy agradecida con mi equipo y con los chicos que ingresaron nuevos. La decisi\u00f3n fue un\u00e1nime, y eso habla de un compromiso colectivo que vengo asumiendo desde hace mucho tiempo\u201d, afirm\u00f3 en di\u00e1logo con el periodista Jorge G\u00f3mez en Voces de la ciudad. Seg\u00fan relat\u00f3, el acto de jura fue \u201cmuy lindo y emotivo\u201d, y marc\u00f3 su cuarta participaci\u00f3n en una ceremonia de este tipo.<\/p>\n<p>Arg\u00fcello subray\u00f3 la din\u00e1mica particular del Consejo Escolar, diferenci\u00e1ndola de otros \u00e1mbitos institucionales como el Concejo Deliberante.<\/p>\n<p>\u201cSi bien cada uno tiene su cargo, ac\u00e1 se trabaja en equipo, tomamos decisiones colectivas y estamos todo el tiempo afrontando contingencias. Adem\u00e1s, somos funcionarios provinciales\u201d, explic\u00f3.<\/p>\n<p>En este sentido, destac\u00f3 que la responsabilidad diaria que asumen los consejeros \u201ces enorme\u201d, especialmente en lo que respecta a la gesti\u00f3n educativa y al compromiso permanente con las escuelas del distrito.<\/p>\n<p>Al evaluar el a\u00f1o, Arguello fue contundente: \u201cFue un a\u00f1o muy complejo desde lo econ\u00f3mico. Los consejeros estamos acostumbrados a ver el vaso medio vac\u00edo, porque aunque hacemos mucho y resolvemos much\u00edsimo todos los d\u00edas, siempre vemos lo que falta\u201d.<\/p>\n<p>Record\u00f3 que, al igual que sucedi\u00f3 en 2024, la situaci\u00f3n financiera se vio agravada por los cortes de fondos, ya que el Consejo Escolar depende exclusivamente de la Provincia de Buenos Aires. Esta merma repercuti\u00f3 especialmente en el \u00e1rea de infraestructura, uno de los puntos m\u00e1s sensibles de la gesti\u00f3n.<\/p>\n<p>A pesar del panorama adverso, Arguello destac\u00f3 la firme decisi\u00f3n pol\u00edtica de los seis consejeros: \u201cHemos decidido no cerrar escuelas. Sostenemos el compromiso de trabajar aun con deuda, y es una deuda muy grande\u201d.<\/p>\n<p>Actualmente, el Consejo Escolar arrastra un monto cercano a los 60 millones de pesos, entre casas de materiales, proveedores y mano de obra. \u201cTrabajamos todos los d\u00edas con los proveedores sabiendo que no tenemos el dinero, que les estamos debiendo, y aun as\u00ed ellos garantizan los servicios para que en las escuelas no se corte nada\u201d, valor\u00f3.<\/p>\n<p>Arg\u00fcello se\u00f1al\u00f3 que la situaci\u00f3n se replica en la mayor\u00eda de los distritos bonaerenses, aunque destac\u00f3 que la Provincia est\u00e1 enviando fondos extraordinarios de ayuda, lo cual \u201coxigena much\u00edsimo y nos permite seguir haciendo\u201d.<\/p>\n","protected":false},"excerpt":{"rendered":"<p>La presidenta del Consejo Escolar de Necochea, Paula Arg\u00fcello, fue reelecta por unanimidad para continuar al frente del organismo y expres\u00f3 su agradecimiento tanto a su equipo de trabajo como a los nuevos consejeros que se incorporaron en esta etapa. \u201cEstoy muy agradecida con mi equipo y con los chicos que ingresaron nuevos. La decisi\u00f3n [&hellip;]<\/p>\n","protected":false},"author":3,"featured_media":117670,"comment_status":"open","ping_status":"open","sticky":false,"template":"","format":"standard","meta":{"footnotes":""},"categories":[3],"tags":[],"class_list":{"0":"post-117669","1":"post","2":"type-post","3":"status-publish","4":"format-standard","5":"has-post-thumbnail","7":"category-masnoticias"},"_links":{"self":[{"href":"https:\/\/primicias2262.com\/noticias\/wp-json\/wp\/v2\/posts\/117669","targetHints":{"allow":["GET"]}}],"collection":[{"href":"https:\/\/primicias2262.com\/noticias\/wp-json\/wp\/v2\/posts"}],"about":[{"href":"https:\/\/primicias2262.com\/noticias\/wp-json\/wp\/v2\/types\/post"}],"author":[{"embeddable":true,"href":"https:\/\/primicias2262.com\/noticias\/wp-json\/wp\/v2\/users\/3"}],"replies":[{"embeddable":true,"href":"https:\/\/primicias2262.com\/noticias\/wp-json\/wp\/v2\/comments?post=117669"}],"version-history":[{"count":1,"href":"https:\/\/primicias2262.com\/noticias\/wp-json\/wp\/v2\/posts\/117669\/revisions"}],"predecessor-version":[{"id":117671,"href":"https:\/\/primicias2262.com\/noticias\/wp-json\/wp\/v2\/posts\/117669\/revisions\/117671"}],"wp:featuredmedia":[{"embeddable":true,"href":"https:\/\/primicias2262.com\/noticias\/wp-json\/wp\/v2\/media\/117670"}],"wp:attachment":[{"href":"https:\/\/primicias2262.com\/noticias\/wp-json\/wp\/v2\/media?parent=117669"}],"wp:term":[{"taxonomy":"category","embeddable":true,"href":"https:\/\/primicias2262.com\/noticias\/wp-json\/wp\/v2\/categories?post=117669"},{"taxonomy":"post_tag","embeddable":true,"href":"https:\/\/primicias2262.com\/noticias\/wp-json\/wp\/v2\/tags?post=117669"}],"curies":[{"name":"wp","href":"https:\/\/api.w.org\/{rel}","templated":true}]}}