{"id":117678,"date":"2025-12-16T22:34:45","date_gmt":"2025-12-16T22:34:45","guid":{"rendered":"https:\/\/primicias2262.com\/noticias\/?p=117678"},"modified":"2025-12-16T22:34:45","modified_gmt":"2025-12-16T22:34:45","slug":"arriazu-critico-las-medidas-cambiarias-y-advirtio-que-generan-incertidumbre-una-tonteria","status":"publish","type":"post","link":"https:\/\/primicias2262.com\/noticias\/arriazu-critico-las-medidas-cambiarias-y-advirtio-que-generan-incertidumbre-una-tonteria\/","title":{"rendered":"Arriazu critic\u00f3 las medidas cambiarias y advirti\u00f3 que generan incertidumbre: \u201cUna tonter\u00eda\u201d"},"content":{"rendered":"<p>El economista\u00a0<strong>Ricardo Arriazu\u00a0<\/strong>calific\u00f3 como<strong>\u00a0\u201cuna tonter\u00eda, pero moderada\u201d<\/strong>\u00a0a las recientes medidas cambiarias adoptadas por el Gobierno, al tiempo que cuestion\u00f3 la indexaci\u00f3n de la banda cambiaria y advirti\u00f3 que el nuevo esquema genera mayor incertidumbre.<\/p>\n<p>Durante un encuentro con inversores, Arriazu expres\u00f3 su rechazo al sistema de bandas cambiarias y sostuvo que su implementaci\u00f3n elev\u00f3 el riesgo y afect\u00f3 la estabilidad econ\u00f3mica.<\/p>\n<p><strong>\u201cSoy enemigo de las bandas, cuando se mueve el d\u00f3lar se mueve todo\u201d,<\/strong>\u00a0afirm\u00f3, seg\u00fan supo la\u00a0<a href=\"https:\/\/es.wikipedia.org\/wiki\/Noticias_Argentinas\" target=\"_blank\" rel=\"noopener nofollow\">Agencia Noticias Argentinas.<\/a><\/p>\n<p>El economista compar\u00f3 el esquema actual con el mecanismo previo de crawling peg y se\u00f1al\u00f3 que, antes de la introducci\u00f3n de las bandas, el Banco Central hab\u00eda logrado acumular reservas y sostener la actividad econ\u00f3mica.<\/p>\n<p><strong>\u201cAntes de las bandas, con el ajuste gradual, se compraron 25.000 millones de d\u00f3lares en reservas, la actividad creci\u00f3 al 11%<\/strong>. Con la banda se duplic\u00f3 el riesgo, hay m\u00e1s inflaci\u00f3n y no se compr\u00f3 un d\u00f3lar de reservas\u201d, sostuvo.<\/p>\n<p>Arriazu remarc\u00f3 que la principal consecuencia del nuevo r\u00e9gimen es el aumento de la incertidumbre.<\/p>\n<p><strong>\u201cLa incertidumbre tiene un costo\u201d,\u00a0<\/strong>advirti\u00f3, al tiempo que consider\u00f3 que los cambios en las reglas cambiarias afectan las decisiones de inversi\u00f3n.<\/p>\n<p>En ese contexto, destac\u00f3 el respaldo financiero de Estados Unidos como un factor clave para sostener el programa econ\u00f3mico.\u00a0<strong>\u201cArgentina estaba en el medio de la pulseada y lleg\u00f3 la caballer\u00eda de Estados Unidos. Nos dieron un swap de 20.000 millones de d\u00f3lares. En el Tequila de 1995 solo fueron 1.000 millones\u201d,<\/strong>\u00a0compar\u00f3.<\/p>\n<p>Adem\u00e1s, diferenci\u00f3 ese acuerdo del swap con China: \u201c<strong>Este swap no tiene nada que ver con el de China, que dibuja las reservas<\/strong>. Este es de libre disponibilidad y lo tengo para cuando lo necesite, para problemas de liquidez como una apuesta contra el peso o el pago de la deuda\u201d.<\/p>\n<p>Arriazu tambi\u00e9n se refiri\u00f3 al elevado riesgo pa\u00eds de Argentina, pese a la mejora de los indicadores macroecon\u00f3micos, y consider\u00f3 que \u201cArgentina debe ser el \u00fanico pa\u00eds que con buenos n\u00fameros macro tiene diez veces el riesgo pa\u00eds de Uruguay y Paraguay, por nuestro prontuario\u201d.<\/p>\n<p title=\"__IP__\" data-ipspy=\"__IP__\"><strong>\u201cLa gente quiere saber qu\u00e9 vamos a hacer, si vamos a pagar la deuda. Show me the money\u201d,\u00a0<\/strong>dijo, aunque consider\u00f3 que el escenario actual presenta una diferencia clave respecto de crisis anteriores. \u201cEsta vez es distinto, porque no hay d\u00e9ficit\u201d, concluy\u00f3.<span data-nosnippet=\"\">__IP__<\/span><\/p>\n<p>Finalmente, el economista revel\u00f3 que redujo su estimaci\u00f3n de \u00e9xito del plan econ\u00f3mico: pas\u00f3 de un 70% a cerca del 50%, debido principalmente a los riesgos que introduce la pol\u00edtica cambiaria.<\/p>\n","protected":false},"excerpt":{"rendered":"<p>El economista\u00a0Ricardo Arriazu\u00a0calific\u00f3 como\u00a0\u201cuna tonter\u00eda, pero moderada\u201d\u00a0a las recientes medidas cambiarias adoptadas por el Gobierno, al tiempo que cuestion\u00f3 la indexaci\u00f3n de la banda cambiaria y advirti\u00f3 que el nuevo esquema genera mayor incertidumbre. Durante un encuentro con inversores, Arriazu expres\u00f3 su rechazo al sistema de bandas cambiarias y sostuvo que su implementaci\u00f3n elev\u00f3 el [&hellip;]<\/p>\n","protected":false},"author":3,"featured_media":117679,"comment_status":"open","ping_status":"open","sticky":false,"template":"","format":"standard","meta":{"footnotes":""},"categories":[7],"tags":[],"class_list":{"0":"post-117678","1":"post","2":"type-post","3":"status-publish","4":"format-standard","5":"has-post-thumbnail","7":"category-nac"},"_links":{"self":[{"href":"https:\/\/primicias2262.com\/noticias\/wp-json\/wp\/v2\/posts\/117678","targetHints":{"allow":["GET"]}}],"collection":[{"href":"https:\/\/primicias2262.com\/noticias\/wp-json\/wp\/v2\/posts"}],"about":[{"href":"https:\/\/primicias2262.com\/noticias\/wp-json\/wp\/v2\/types\/post"}],"author":[{"embeddable":true,"href":"https:\/\/primicias2262.com\/noticias\/wp-json\/wp\/v2\/users\/3"}],"replies":[{"embeddable":true,"href":"https:\/\/primicias2262.com\/noticias\/wp-json\/wp\/v2\/comments?post=117678"}],"version-history":[{"count":1,"href":"https:\/\/primicias2262.com\/noticias\/wp-json\/wp\/v2\/posts\/117678\/revisions"}],"predecessor-version":[{"id":117680,"href":"https:\/\/primicias2262.com\/noticias\/wp-json\/wp\/v2\/posts\/117678\/revisions\/117680"}],"wp:featuredmedia":[{"embeddable":true,"href":"https:\/\/primicias2262.com\/noticias\/wp-json\/wp\/v2\/media\/117679"}],"wp:attachment":[{"href":"https:\/\/primicias2262.com\/noticias\/wp-json\/wp\/v2\/media?parent=117678"}],"wp:term":[{"taxonomy":"category","embeddable":true,"href":"https:\/\/primicias2262.com\/noticias\/wp-json\/wp\/v2\/categories?post=117678"},{"taxonomy":"post_tag","embeddable":true,"href":"https:\/\/primicias2262.com\/noticias\/wp-json\/wp\/v2\/tags?post=117678"}],"curies":[{"name":"wp","href":"https:\/\/api.w.org\/{rel}","templated":true}]}}