{"id":117681,"date":"2025-12-16T22:41:44","date_gmt":"2025-12-16T22:41:44","guid":{"rendered":"https:\/\/primicias2262.com\/noticias\/?p=117681"},"modified":"2025-12-16T22:41:44","modified_gmt":"2025-12-16T22:41:44","slug":"el-sindicalismo-activa-contra-la-reforma-laboral-los-gremios-de-transporte-plantan-bandera-y-la-cgt-agita-con-intendentes","status":"publish","type":"post","link":"https:\/\/primicias2262.com\/noticias\/el-sindicalismo-activa-contra-la-reforma-laboral-los-gremios-de-transporte-plantan-bandera-y-la-cgt-agita-con-intendentes\/","title":{"rendered":"El sindicalismo activa contra la reforma laboral: los gremios de transporte plantan bandera y la CGT agita con intendentes"},"content":{"rendered":"<p>Sectores del sindicalismo activaron en las \u00faltimas horas distintas movidas contra la reforma laboral que impulsa el Gobierno, en la antesala de la\u00a0<a href=\"https:\/\/noticiasargentinas.com\/politica\/la-cgt-rechazo-la-reforma-laboral---el-pais-esta-empobrecido-_a693b02f619b2376a773b611a?srsltid=AfmBOopMwH0nTivhTNVVOzy-5EhL-PwF6-bR3CsD80WaQNCqrDEErjuM\">movilizaci\u00f3n que la CGT realizar\u00e1 el jueves pr\u00f3ximo a la Plaza de Mayo<\/a>.<\/p>\n<p>Por un lado, la Confederaci\u00f3n Argentina de Trabajadores del Transporte (CATT) confirm\u00f3 su adhesi\u00f3n a la movilizaci\u00f3n a Plaza de Mayo y reiter\u00f3 su pliego de demandas en la defensa de la\u00a0<strong>ultraactividad de los convenios colectivos de trabajo y el derecho a huelga e indemnizaciones<\/strong>, el rechazo a la declaraci\u00f3n del transporte como actividad esencial y la denuncia sobre las desregulaciones que sufre el sector.<\/p>\n<p>\u201cVamos a discutir una reforma laboral donde est\u00e1n habiendo miles de despidos, no se consume nada, se derrumba la industria, se derrumba el consumo de los comercios y la guita no alcanza. S<strong>i con el convenio colectivo en la mano no le podemos poner m\u00e1s monedas a nuestra gente en el bolsillo, imaginemos qu\u00e9 es lo que va a pasar si no lo tenemos\u201d<\/strong>, advirti\u00f3 el secretario general de la CATT,\u00a0<strong>Juan Carlos Schmid<\/strong>.<\/p>\n<p>Schmid plante\u00f3 que si este proyecto de supuesta modernizaci\u00f3n \u00abfuera tan bueno y tan provechoso como se presenta, \u00bfqu\u00e9 sentido tiene que limitar la actividad sindical?\u00bb.<\/p>\n<p>Y sentenci\u00f3 que \u00abentonces nosotros sabemos que esto va en contra nuestro, va en contra justamente de los intereses que representamos, buscan sacarle la plata a la organizaci\u00f3n sindical para que no disponga de los recursos que nos permitan asumir mejor defensa\u00bb.<\/p>\n<p>As\u00ed, la CATT se sumar\u00e1 a la movilizaci\u00f3n de la CGT desde las 13.30 en la Direcci\u00f3n Nacional de Vialidad, ubicada en Julio Argentino Roca 738.<\/p>\n<h2>Intendentes del PJ<\/h2>\n<p>Por su parte, la CGT se hab\u00eda reunido este lunes con intendentes bonaerense del PJ como\u00a0<strong>Mayra Mendoza<\/strong>\u00a0(Quilmes),\u00a0<strong>Juli\u00e1n \u00c1lvarez\u00a0<\/strong>(Lan\u00fas),<strong>\u00a0Dami\u00e1n Selci\u00a0<\/strong>(Hurlingham),<strong>\u00a0Federico Achaval<\/strong>\u00a0(Pilar),\u00a0<strong>Juan Luis Mancini\u00a0<\/strong>(Salto),\u00a0<strong>Waldemar Giordano<\/strong>\u00a0(Col\u00f3n) e\u00a0<strong>Iv\u00e1n Villagr\u00e1n<\/strong>\u00a0(Carmen de Areco), entre otros, para\u00a0<strong>\u201canalizar la situaci\u00f3n social, econ\u00f3mica y laboral que atraviesan los trabajadores\u201d<\/strong>.<\/p>\n<p>Como inform\u00f3 la\u00a0<a href=\"https:\/\/es.wikipedia.org\/wiki\/Noticias_Argentinas\" target=\"_blank\" rel=\"noopener nofollow\"><strong>Agencia Noticias Argentinas<\/strong><\/a>, la CGT se hab\u00eda dado cita en la misma jornada con diputados peronistas de extracci\u00f3n sindical que anticiparon su rechazo a la reforma laboral al considerar que \u00abno va a dar ninguna soluci\u00f3n al crecimiento del pa\u00eds\u00bb.<\/p>\n<p title=\"__IP__\" data-ipspy=\"__IP__\">Los triunviros\u00a0<strong>Jorge Sola, Octavio Arguello y Cristian Jer\u00f3nimo<\/strong>\u00a0recibieron en la hist\u00f3rica sede de la calle Azopardo a los diputados\u00a0<strong>Sergio Palazzo, Hugo Yasky, Mario Manrique y Vanesa Siley, adem\u00e1s de Hugo Moyano (h).<\/strong><span data-nosnippet=\"\">_<\/span><\/p>\n","protected":false},"excerpt":{"rendered":"<p>Sectores del sindicalismo activaron en las \u00faltimas horas distintas movidas contra la reforma laboral que impulsa el Gobierno, en la antesala de la\u00a0movilizaci\u00f3n que la CGT realizar\u00e1 el jueves pr\u00f3ximo a la Plaza de Mayo. Por un lado, la Confederaci\u00f3n Argentina de Trabajadores del Transporte (CATT) confirm\u00f3 su adhesi\u00f3n a la movilizaci\u00f3n a Plaza de [&hellip;]<\/p>\n","protected":false},"author":3,"featured_media":117682,"comment_status":"open","ping_status":"open","sticky":false,"template":"","format":"standard","meta":{"footnotes":""},"categories":[7],"tags":[],"class_list":{"0":"post-117681","1":"post","2":"type-post","3":"status-publish","4":"format-standard","5":"has-post-thumbnail","7":"category-nac"},"_links":{"self":[{"href":"https:\/\/primicias2262.com\/noticias\/wp-json\/wp\/v2\/posts\/117681","targetHints":{"allow":["GET"]}}],"collection":[{"href":"https:\/\/primicias2262.com\/noticias\/wp-json\/wp\/v2\/posts"}],"about":[{"href":"https:\/\/primicias2262.com\/noticias\/wp-json\/wp\/v2\/types\/post"}],"author":[{"embeddable":true,"href":"https:\/\/primicias2262.com\/noticias\/wp-json\/wp\/v2\/users\/3"}],"replies":[{"embeddable":true,"href":"https:\/\/primicias2262.com\/noticias\/wp-json\/wp\/v2\/comments?post=117681"}],"version-history":[{"count":1,"href":"https:\/\/primicias2262.com\/noticias\/wp-json\/wp\/v2\/posts\/117681\/revisions"}],"predecessor-version":[{"id":117683,"href":"https:\/\/primicias2262.com\/noticias\/wp-json\/wp\/v2\/posts\/117681\/revisions\/117683"}],"wp:featuredmedia":[{"embeddable":true,"href":"https:\/\/primicias2262.com\/noticias\/wp-json\/wp\/v2\/media\/117682"}],"wp:attachment":[{"href":"https:\/\/primicias2262.com\/noticias\/wp-json\/wp\/v2\/media?parent=117681"}],"wp:term":[{"taxonomy":"category","embeddable":true,"href":"https:\/\/primicias2262.com\/noticias\/wp-json\/wp\/v2\/categories?post=117681"},{"taxonomy":"post_tag","embeddable":true,"href":"https:\/\/primicias2262.com\/noticias\/wp-json\/wp\/v2\/tags?post=117681"}],"curies":[{"name":"wp","href":"https:\/\/api.w.org\/{rel}","templated":true}]}}