{"id":117688,"date":"2025-12-16T22:46:07","date_gmt":"2025-12-16T22:46:07","guid":{"rendered":"https:\/\/primicias2262.com\/noticias\/?p=117688"},"modified":"2025-12-17T20:02:35","modified_gmt":"2025-12-17T20:02:35","slug":"colocaron-cartel-que-identifica-al-anfiteatro-del-parque-en-el-marco-de-un-proceso-de-reutilizacion-de-arboles","status":"publish","type":"post","link":"https:\/\/primicias2262.com\/noticias\/colocaron-cartel-que-identifica-al-anfiteatro-del-parque-en-el-marco-de-un-proceso-de-reutilizacion-de-arboles\/","title":{"rendered":"Colocaron cartel que identifica al Anfiteatro del Parque en el marco de un proceso de reutilizaci\u00f3n de \u00e1rboles"},"content":{"rendered":"<p>En el marco de una pol\u00edtica de puesta en valor y se\u00f1alizaci\u00f3n de los espacios del Parque Miguel Lillo, el municipio coloc\u00f3 un nuevo cartel nomenclador que identifica al Anfiteatro del Parque \u00abPedro Arozarena\u00bb, realizado \u00edntegramente con madera reutilizada de \u00e1rboles ca\u00eddos dentro del propio predio.<\/p>\n<p>La iniciativa es impulsada por la Direcci\u00f3n municipal de Guardaparques y forma parte de un proyecto integral que busca nombrar los distintos sectores del parque mediante carteler\u00eda sustentable, elaborada con materia prima recuperada como consecuencia de inclemencias clim\u00e1ticas u otras eventualidades que provocan la ca\u00edda o quiebre de ejemplares arb\u00f3reos.<\/p>\n<p>Al respecto, el director de Guardaparques, Juli\u00e1n Zugaz\u00faa, explic\u00f3 el proceso artesanal mediante el cual se elaboran los carteles. \u201cLo que se hace es recuperar ese material que nos da el mismo parque y reutilizarlo. Se realizan tablones de una forma rudimentaria, con motosierra; luego se trasladan, se dejan secar por un tiempo, se curan con una mezcla para evitar que sean invadidos por insectos, se dibujan y calan las letras, se pintan, se cantean todos los bordes, se redondean las aristas, se vuelve a pintar y finalmente se colocan\u201d, detall\u00f3 el funcionario.<\/p>\n<p>En este caso particular, la colocaci\u00f3n del cartel se realiz\u00f3 en una fecha especialmente significativa, ya que el Anfiteatro \u201cPedro Arozarena\u201d cumpli\u00f3 esta semana 60 a\u00f1os desde su inauguraci\u00f3n. Por tal motivo, se decidi\u00f3 concretar la identificaci\u00f3n formal del espacio en el marco de este nuevo aniversario.<\/p>\n<p>Desde el \u00e1rea destacaron que este tipo de acciones no solo permiten mejorar la orientaci\u00f3n y el reconocimiento de los sectores del parque, sino que tambi\u00e9n promueven el cuidado del ambiente, la reutilizaci\u00f3n de recursos naturales y la puesta en valor del patrimonio hist\u00f3rico y cultural del Parque Miguel Lillo.<\/p>\n<p>Cabe se\u00f1alar que semanas atr\u00e1s se realiz\u00f3 una intervenci\u00f3n similar con la colocaci\u00f3n del cartel identificatorio del Jard\u00edn Franc\u00e9s, dando continuidad a este proyecto que combina identidad, sustentabilidad y trabajo artesanal al servicio de la comunidad.<\/p>\n","protected":false},"excerpt":{"rendered":"<p>En el marco de una pol\u00edtica de puesta en valor y se\u00f1alizaci\u00f3n de los espacios del Parque Miguel Lillo, el municipio coloc\u00f3 un nuevo cartel nomenclador que identifica al Anfiteatro del Parque \u00abPedro Arozarena\u00bb, realizado \u00edntegramente con madera reutilizada de \u00e1rboles ca\u00eddos dentro del propio predio. La iniciativa es impulsada por la Direcci\u00f3n municipal de [&hellip;]<\/p>\n","protected":false},"author":3,"featured_media":117689,"comment_status":"open","ping_status":"open","sticky":false,"template":"","format":"standard","meta":{"footnotes":""},"categories":[3],"tags":[],"class_list":{"0":"post-117688","1":"post","2":"type-post","3":"status-publish","4":"format-standard","5":"has-post-thumbnail","7":"category-masnoticias"},"_links":{"self":[{"href":"https:\/\/primicias2262.com\/noticias\/wp-json\/wp\/v2\/posts\/117688","targetHints":{"allow":["GET"]}}],"collection":[{"href":"https:\/\/primicias2262.com\/noticias\/wp-json\/wp\/v2\/posts"}],"about":[{"href":"https:\/\/primicias2262.com\/noticias\/wp-json\/wp\/v2\/types\/post"}],"author":[{"embeddable":true,"href":"https:\/\/primicias2262.com\/noticias\/wp-json\/wp\/v2\/users\/3"}],"replies":[{"embeddable":true,"href":"https:\/\/primicias2262.com\/noticias\/wp-json\/wp\/v2\/comments?post=117688"}],"version-history":[{"count":1,"href":"https:\/\/primicias2262.com\/noticias\/wp-json\/wp\/v2\/posts\/117688\/revisions"}],"predecessor-version":[{"id":117690,"href":"https:\/\/primicias2262.com\/noticias\/wp-json\/wp\/v2\/posts\/117688\/revisions\/117690"}],"wp:featuredmedia":[{"embeddable":true,"href":"https:\/\/primicias2262.com\/noticias\/wp-json\/wp\/v2\/media\/117689"}],"wp:attachment":[{"href":"https:\/\/primicias2262.com\/noticias\/wp-json\/wp\/v2\/media?parent=117688"}],"wp:term":[{"taxonomy":"category","embeddable":true,"href":"https:\/\/primicias2262.com\/noticias\/wp-json\/wp\/v2\/categories?post=117688"},{"taxonomy":"post_tag","embeddable":true,"href":"https:\/\/primicias2262.com\/noticias\/wp-json\/wp\/v2\/tags?post=117688"}],"curies":[{"name":"wp","href":"https:\/\/api.w.org\/{rel}","templated":true}]}}