{"id":117700,"date":"2025-12-17T19:53:25","date_gmt":"2025-12-17T19:53:25","guid":{"rendered":"https:\/\/primicias2262.com\/noticias\/?p=117700"},"modified":"2025-12-19T21:16:23","modified_gmt":"2025-12-19T21:16:23","slug":"oferta-de-servicios-para-disfrutar-del-complejo-de-mar-camping-miguel-lillo","status":"publish","type":"post","link":"https:\/\/primicias2262.com\/noticias\/oferta-de-servicios-para-disfrutar-del-complejo-de-mar-camping-miguel-lillo\/","title":{"rendered":"Oferta de servicios para disfrutar del Complejo de Mar Camping Miguel Lillo"},"content":{"rendered":"<p>Rafael Mugica L\u00e1zaro, cara visible del Complejo de Mar Camping Miguel Lillo, mantuvo un di\u00e1logo con el periodista Jorge G\u00f3mez, en el marco del segmento radial de noticias Voces de la Ciudad, que se emite a trav\u00e9s de la estaci\u00f3n FM Free, en su dial 90.3.<\/p>\n<p>Conversaron sobre sus expectativas con respecto a la ya iniciada temporada estival 2025\/2026.<\/p>\n<p>\u201cTenemos dos factores principales para nuestros clientes. Uno de ellos es el clima, en el cual sabemos que dependemos de los buenos pron\u00f3sticos. El segundo es el econ\u00f3mico, en donde tuvimos que aumentar nuestras tarifas entre un 20 y 25% en comparaci\u00f3n al a\u00f1o pasado debido a la inflaci\u00f3n interanual misma. Se hace muy dif\u00edcil buscar un equilibrio entre la econom\u00eda real, y lo que pueden pagar los turistas\u201d, expres\u00f3 Mugica L\u00e1zaro.<\/p>\n<p>El complejo posee servicios de agua caliente, limpieza, colonia de vacaciones, asistencia m\u00e9dica y vigilancia las 24 hs, todo al precio de $12.500 por persona por d\u00eda.<br \/>\nSeg\u00fan el propio Mugica L\u00e1zaro el a\u00f1o pasado tuvieron un muy buen diciembre debido al recital de La Renga, acontecido por entonces.<\/p>\n<p>\u201cNecesitamos que venga una buena cantidad de gente, y lamentablemente este a\u00f1o no tenemos a La Renga. Me gustar\u00eda que la Municipalidad y el sector privado contin\u00faen con la propuesta de traer bandas a nuestra ciudad\u201d, acot\u00f3.<\/p>\n<p>Cuando se le pregunt\u00f3 por su opini\u00f3n acerca de la pr\u00f3xima subasta de terrenos del complejo del Casino Mugica L\u00e1zaro destac\u00f3 que \u201cyo creo que todo esto va a sumar. Ya se ven nuevas helader\u00edas, concesionarias, patios de conteiner en nuestra ciudad, y esto es algo muy positivo no solo para los emprendedores, sino para el turismo, y la misma situaci\u00f3n puede favorecer al complejo del Casino\u201d.<\/p>\n<p>Por \u00faltimo mostr\u00f3 su entusiasmo por la pr\u00f3xima temporada consignando que \u201csabemos que la gente viene desde su pueblo con la mochila de todo el a\u00f1o, y nuestra idea es que, tras pasar nuestra tranquera, ellos puedan relajarse y disfrutar no solo de nuestras instalaciones, sino tambi\u00e9n de las playas, el r\u00edo, y todo lo que nuestra ciudad tiene para ofrecer\u201d.<\/p>\n","protected":false},"excerpt":{"rendered":"<p>Rafael Mugica L\u00e1zaro, cara visible del Complejo de Mar Camping Miguel Lillo, mantuvo un di\u00e1logo con el periodista Jorge G\u00f3mez, en el marco del segmento radial de noticias Voces de la Ciudad, que se emite a trav\u00e9s de la estaci\u00f3n FM Free, en su dial 90.3. Conversaron sobre sus expectativas con respecto a la ya [&hellip;]<\/p>\n","protected":false},"author":3,"featured_media":117701,"comment_status":"open","ping_status":"open","sticky":false,"template":"","format":"standard","meta":{"footnotes":""},"categories":[3],"tags":[],"class_list":{"0":"post-117700","1":"post","2":"type-post","3":"status-publish","4":"format-standard","5":"has-post-thumbnail","7":"category-masnoticias"},"_links":{"self":[{"href":"https:\/\/primicias2262.com\/noticias\/wp-json\/wp\/v2\/posts\/117700","targetHints":{"allow":["GET"]}}],"collection":[{"href":"https:\/\/primicias2262.com\/noticias\/wp-json\/wp\/v2\/posts"}],"about":[{"href":"https:\/\/primicias2262.com\/noticias\/wp-json\/wp\/v2\/types\/post"}],"author":[{"embeddable":true,"href":"https:\/\/primicias2262.com\/noticias\/wp-json\/wp\/v2\/users\/3"}],"replies":[{"embeddable":true,"href":"https:\/\/primicias2262.com\/noticias\/wp-json\/wp\/v2\/comments?post=117700"}],"version-history":[{"count":1,"href":"https:\/\/primicias2262.com\/noticias\/wp-json\/wp\/v2\/posts\/117700\/revisions"}],"predecessor-version":[{"id":117702,"href":"https:\/\/primicias2262.com\/noticias\/wp-json\/wp\/v2\/posts\/117700\/revisions\/117702"}],"wp:featuredmedia":[{"embeddable":true,"href":"https:\/\/primicias2262.com\/noticias\/wp-json\/wp\/v2\/media\/117701"}],"wp:attachment":[{"href":"https:\/\/primicias2262.com\/noticias\/wp-json\/wp\/v2\/media?parent=117700"}],"wp:term":[{"taxonomy":"category","embeddable":true,"href":"https:\/\/primicias2262.com\/noticias\/wp-json\/wp\/v2\/categories?post=117700"},{"taxonomy":"post_tag","embeddable":true,"href":"https:\/\/primicias2262.com\/noticias\/wp-json\/wp\/v2\/tags?post=117700"}],"curies":[{"name":"wp","href":"https:\/\/api.w.org\/{rel}","templated":true}]}}