{"id":117710,"date":"2025-12-17T20:01:53","date_gmt":"2025-12-17T20:01:53","guid":{"rendered":"https:\/\/primicias2262.com\/noticias\/?p=117710"},"modified":"2025-12-19T21:14:32","modified_gmt":"2025-12-19T21:14:32","slug":"llegan-los-pesebres-vivientes-de-visperas-de-la-navidad","status":"publish","type":"post","link":"https:\/\/primicias2262.com\/noticias\/llegan-los-pesebres-vivientes-de-visperas-de-la-navidad\/","title":{"rendered":"Llegan los Pesebres Vivientes de v\u00edsperas de la Navidad"},"content":{"rendered":"<p>Se realizar\u00e1n en distintas parroquias de Necochea el pr\u00f3ximo fin de semana<br \/>\nEl padre Pablo Bosisio, cura p\u00e1rroco de Santa Mar\u00eda del Carmen y de Capuchinos mantuvo un di\u00e1logo con el periodista Jorge G\u00f3mez, en el marco del segmento radial de Voces de la Ciudad, que se emite a trav\u00e9s de FM Free, en su dial 90.3.<\/p>\n<p>Se le consult\u00f3 sobre los pr\u00f3ximos pesebres vivientes que se realizar\u00e1n en nuestra ciudad, en el marco de las v\u00edsperas navide\u00f1as.<\/p>\n<p>\u201cEl pr\u00f3ximo s\u00e1bado tendremos dos pesebres vivientes. Uno en la capilla San Francisco, ubicada en 80 y 81, mientras que el pesebre de Santa Mar\u00eda del Carmen, se har\u00e1 en la plaza cercana al Colegio Dan\u00e9s sobre la avenida 43 y 62, ambos a partir de las 19 hs\u201d.<br \/>\nPor su parte, el p\u00e1rroco mencion\u00f3 que el d\u00eda domingo 21, en puertas de la parroquia del Colegio Capuchinos, varias familias estar\u00e1n preparando tambi\u00e9n una representaci\u00f3n del pesebre para la comunidad.<\/p>\n<p>A esto se le suman las misas del d\u00eda 24. A partir de las 17 se realizar\u00e1n en la parroquia de San Francisco, a las 18:30 en capilla Sagrada Familia, y a las 20 hs en Santa Mar\u00eda del Carmen. Ya en el d\u00eda 25 de diciembre, Navidad, nuevamente se brindar\u00e1n las misas a las 10 de la ma\u00f1ana en Capuchinos y 11.30 hs y 20.30 hs en Santa Mar\u00eda del Carmen.<\/p>\n<p>Cuando se le pregunt\u00f3 acerca de la actual situaci\u00f3n de la sociedad, y en el marco del mensaje transmitido por el obispo Ernesto GioBando, de la di\u00f3cesis de Mar del Plata, quien pidi\u00f3 por descanso y trabajo para todos los miembros de la comunidad, Bosisio expres\u00f3 que \u201cnunca hay que dejar de buscarle la vuelta a todas las situaciones que se viven. Es una realidad que muchas familias est\u00e1n muy complicadas desde lo econ\u00f3mico, y nosotros tratamos de acompa\u00f1arlos a trav\u00e9s de las campa\u00f1as de C\u00e1ritas. Lo m\u00e1s importante es ayudarse entre todos, sacando lo mejor de nosotros mismos\u201d.<\/p>\n<p>A modo de cierre, Pablo Bosisio brind\u00f3 un mensaje de esperanza para la pr\u00f3xima temporada estival: \u201cOjal\u00e1 que tengamos una linda temporada con trabajo para los locales, y que sirva para descansar para quienes nos visitan. Lo m\u00e1s importante es ayudar a quien est\u00e1 en una situaci\u00f3n mucho m\u00e1s delicada que la que tiene uno\u201d<\/p>\n","protected":false},"excerpt":{"rendered":"<p>Se realizar\u00e1n en distintas parroquias de Necochea el pr\u00f3ximo fin de semana El padre Pablo Bosisio, cura p\u00e1rroco de Santa Mar\u00eda del Carmen y de Capuchinos mantuvo un di\u00e1logo con el periodista Jorge G\u00f3mez, en el marco del segmento radial de Voces de la Ciudad, que se emite a trav\u00e9s de FM Free, en su [&hellip;]<\/p>\n","protected":false},"author":3,"featured_media":117711,"comment_status":"open","ping_status":"open","sticky":false,"template":"","format":"standard","meta":{"footnotes":""},"categories":[3],"tags":[],"class_list":{"0":"post-117710","1":"post","2":"type-post","3":"status-publish","4":"format-standard","5":"has-post-thumbnail","7":"category-masnoticias"},"_links":{"self":[{"href":"https:\/\/primicias2262.com\/noticias\/wp-json\/wp\/v2\/posts\/117710","targetHints":{"allow":["GET"]}}],"collection":[{"href":"https:\/\/primicias2262.com\/noticias\/wp-json\/wp\/v2\/posts"}],"about":[{"href":"https:\/\/primicias2262.com\/noticias\/wp-json\/wp\/v2\/types\/post"}],"author":[{"embeddable":true,"href":"https:\/\/primicias2262.com\/noticias\/wp-json\/wp\/v2\/users\/3"}],"replies":[{"embeddable":true,"href":"https:\/\/primicias2262.com\/noticias\/wp-json\/wp\/v2\/comments?post=117710"}],"version-history":[{"count":1,"href":"https:\/\/primicias2262.com\/noticias\/wp-json\/wp\/v2\/posts\/117710\/revisions"}],"predecessor-version":[{"id":117712,"href":"https:\/\/primicias2262.com\/noticias\/wp-json\/wp\/v2\/posts\/117710\/revisions\/117712"}],"wp:featuredmedia":[{"embeddable":true,"href":"https:\/\/primicias2262.com\/noticias\/wp-json\/wp\/v2\/media\/117711"}],"wp:attachment":[{"href":"https:\/\/primicias2262.com\/noticias\/wp-json\/wp\/v2\/media?parent=117710"}],"wp:term":[{"taxonomy":"category","embeddable":true,"href":"https:\/\/primicias2262.com\/noticias\/wp-json\/wp\/v2\/categories?post=117710"},{"taxonomy":"post_tag","embeddable":true,"href":"https:\/\/primicias2262.com\/noticias\/wp-json\/wp\/v2\/tags?post=117710"}],"curies":[{"name":"wp","href":"https:\/\/api.w.org\/{rel}","templated":true}]}}