{"id":117713,"date":"2025-12-19T20:55:47","date_gmt":"2025-12-19T20:55:47","guid":{"rendered":"https:\/\/primicias2262.com\/noticias\/?p=117713"},"modified":"2025-12-19T20:56:17","modified_gmt":"2025-12-19T20:56:17","slug":"el-pj-bonaerense-fijo-la-fecha-para-las-elecciones-de-autoridades-sigue-maximo-kirchner","status":"publish","type":"post","link":"https:\/\/primicias2262.com\/noticias\/el-pj-bonaerense-fijo-la-fecha-para-las-elecciones-de-autoridades-sigue-maximo-kirchner\/","title":{"rendered":"El PJ Bonaerense fij\u00f3 la fecha para las elecciones de autoridades: \u00bfsigue M\u00e1ximo Kirchner?"},"content":{"rendered":"<p title=\"__IP__\" data-ipspy=\"__IP__\">El Consejo Provincial del PJ Bonaerense defini\u00f3 este viernes convocar a elecciones de renovaci\u00f3n de autoridades para el 15 de marzo de 2026.<\/p>\n<p>De la reuni\u00f3n del partido, que encabez\u00f3 el titular\u00a0<strong>M\u00e1ximo Kirchner\u00a0<\/strong>en Malvinas Argentinas, particip\u00f3 tambi\u00e9n el cosecretario general de la CGT\u00a0<strong>Cristian Jer\u00f3nimo<\/strong>, seg\u00fan pudo saber la\u00a0<a href=\"https:\/\/es.wikipedia.org\/wiki\/Noticias_Argentinas\" target=\"_blank\" rel=\"noopener nofollow\"><strong>Agencia Noticias Argentinas<\/strong><\/a>\u00a0de fuentes partidarias.<\/p>\n","protected":false},"excerpt":{"rendered":"<p>El Consejo Provincial del PJ Bonaerense defini\u00f3 este viernes convocar a elecciones de renovaci\u00f3n de autoridades para el 15 de marzo de 2026. De la reuni\u00f3n del partido, que encabez\u00f3 el titular\u00a0M\u00e1ximo Kirchner\u00a0en Malvinas Argentinas, particip\u00f3 tambi\u00e9n el cosecretario general de la CGT\u00a0Cristian Jer\u00f3nimo, seg\u00fan pudo saber la\u00a0Agencia Noticias Argentinas\u00a0de fuentes partidarias.<\/p>\n","protected":false},"author":3,"featured_media":117714,"comment_status":"open","ping_status":"open","sticky":false,"template":"","format":"standard","meta":{"footnotes":""},"categories":[7],"tags":[],"class_list":{"0":"post-117713","1":"post","2":"type-post","3":"status-publish","4":"format-standard","5":"has-post-thumbnail","7":"category-nac"},"_links":{"self":[{"href":"https:\/\/primicias2262.com\/noticias\/wp-json\/wp\/v2\/posts\/117713","targetHints":{"allow":["GET"]}}],"collection":[{"href":"https:\/\/primicias2262.com\/noticias\/wp-json\/wp\/v2\/posts"}],"about":[{"href":"https:\/\/primicias2262.com\/noticias\/wp-json\/wp\/v2\/types\/post"}],"author":[{"embeddable":true,"href":"https:\/\/primicias2262.com\/noticias\/wp-json\/wp\/v2\/users\/3"}],"replies":[{"embeddable":true,"href":"https:\/\/primicias2262.com\/noticias\/wp-json\/wp\/v2\/comments?post=117713"}],"version-history":[{"count":2,"href":"https:\/\/primicias2262.com\/noticias\/wp-json\/wp\/v2\/posts\/117713\/revisions"}],"predecessor-version":[{"id":117716,"href":"https:\/\/primicias2262.com\/noticias\/wp-json\/wp\/v2\/posts\/117713\/revisions\/117716"}],"wp:featuredmedia":[{"embeddable":true,"href":"https:\/\/primicias2262.com\/noticias\/wp-json\/wp\/v2\/media\/117714"}],"wp:attachment":[{"href":"https:\/\/primicias2262.com\/noticias\/wp-json\/wp\/v2\/media?parent=117713"}],"wp:term":[{"taxonomy":"category","embeddable":true,"href":"https:\/\/primicias2262.com\/noticias\/wp-json\/wp\/v2\/categories?post=117713"},{"taxonomy":"post_tag","embeddable":true,"href":"https:\/\/primicias2262.com\/noticias\/wp-json\/wp\/v2\/tags?post=117713"}],"curies":[{"name":"wp","href":"https:\/\/api.w.org\/{rel}","templated":true}]}}