{"id":117717,"date":"2025-12-19T20:58:15","date_gmt":"2025-12-19T20:58:15","guid":{"rendered":"https:\/\/primicias2262.com\/noticias\/?p=117717"},"modified":"2025-12-19T20:58:15","modified_gmt":"2025-12-19T20:58:15","slug":"anlis-malbran-confirmo-la-deteccion-de-un-nuevo-subclado-de-influenza-a-h3n2-en-argentina","status":"publish","type":"post","link":"https:\/\/primicias2262.com\/noticias\/anlis-malbran-confirmo-la-deteccion-de-un-nuevo-subclado-de-influenza-a-h3n2-en-argentina\/","title":{"rendered":"ANLIS-Malbr\u00e1n confirm\u00f3 la detecci\u00f3n de un nuevo subclado de influenza A (H3N2) en Argentina"},"content":{"rendered":"<p><strong>La Administraci\u00f3n Nacional de Laboratorios e Institutos de Salud (ANLIS) \u201cDr. Carlos G. Malbr\u00e1n\u201d confirm\u00f3 la detecci\u00f3n de tres casos de influenza A (H3N2) correspondientes al subclado K en el pa\u00eds<\/strong>, identificados mediante t\u00e9cnicas de secuenciaci\u00f3n gen\u00f3mica, seg\u00fan supo la\u00a0<a href=\"https:\/\/es.wikipedia.org\/wiki\/Noticias_Argentinas\" target=\"_blank\" rel=\"noopener nofollow\"><strong>Agencia Noticias Argentinas.<\/strong><\/a><\/p>\n<p>Los casos fueron detectados a trav\u00e9s de la Red Nacional de Laboratorios y de Unidades Centinela y confirmados por el Laboratorio Nacional de Referencia del INEI-ANLIS.\u00a0<strong>Se trata de dos adolescentes estudiados en el marco del Monitoreo Ambulatorio de Infecciones Respiratorias Agudas en la provincia de Santa Cruz y de un ni\u00f1o que hab\u00eda sido internado en un hospital de la Ciudad Aut\u00f3noma de Buenos Aires.<\/strong>\u00a0Seg\u00fan se inform\u00f3 oficialmente,\u00a0<strong>todos los pacientes cursaron la enfermedad sin complicaciones.<\/strong><\/p>\n<p>El an\u00e1lisis gen\u00f3mico permiti\u00f3 clasificar a los virus dentro del subclado K, que presenta cambios gen\u00e9ticos asociados a una mayor transmisibilidad, lo que podr\u00eda favorecer un incremento en el n\u00famero de casos y en las consultas al sistema de salud. No obstante,\u00a0<strong>la evidencia disponible hasta el momento no indica que este subclado est\u00e9 vinculado a una mayor severidad cl\u00ednica en comparaci\u00f3n con otros virus de influenza A (H3N2) que circularon en temporadas anteriores.<\/strong><\/p>\n<p>Desde ANLIS-Malbr\u00e1n se\u00f1alaron que las jurisdicciones provinciales tienen la responsabilidad de llevar adelante las investigaciones epidemiol\u00f3gicas correspondientes y de garantizar la atenci\u00f3n oportuna de los casos detectados. En ese sentido, la vigilancia integrada de influenza y otros virus respiratorios muestra que la circulaci\u00f3n viral en el pa\u00eds se mantiene dentro de los valores esperados para la \u00e9poca del a\u00f1o.<\/p>\n","protected":false},"excerpt":{"rendered":"<p>La Administraci\u00f3n Nacional de Laboratorios e Institutos de Salud (ANLIS) \u201cDr. Carlos G. Malbr\u00e1n\u201d confirm\u00f3 la detecci\u00f3n de tres casos de influenza A (H3N2) correspondientes al subclado K en el pa\u00eds, identificados mediante t\u00e9cnicas de secuenciaci\u00f3n gen\u00f3mica, seg\u00fan supo la\u00a0Agencia Noticias Argentinas. Los casos fueron detectados a trav\u00e9s de la Red Nacional de Laboratorios y [&hellip;]<\/p>\n","protected":false},"author":3,"featured_media":117718,"comment_status":"open","ping_status":"open","sticky":false,"template":"","format":"standard","meta":{"footnotes":""},"categories":[7],"tags":[],"class_list":{"0":"post-117717","1":"post","2":"type-post","3":"status-publish","4":"format-standard","5":"has-post-thumbnail","7":"category-nac"},"_links":{"self":[{"href":"https:\/\/primicias2262.com\/noticias\/wp-json\/wp\/v2\/posts\/117717","targetHints":{"allow":["GET"]}}],"collection":[{"href":"https:\/\/primicias2262.com\/noticias\/wp-json\/wp\/v2\/posts"}],"about":[{"href":"https:\/\/primicias2262.com\/noticias\/wp-json\/wp\/v2\/types\/post"}],"author":[{"embeddable":true,"href":"https:\/\/primicias2262.com\/noticias\/wp-json\/wp\/v2\/users\/3"}],"replies":[{"embeddable":true,"href":"https:\/\/primicias2262.com\/noticias\/wp-json\/wp\/v2\/comments?post=117717"}],"version-history":[{"count":1,"href":"https:\/\/primicias2262.com\/noticias\/wp-json\/wp\/v2\/posts\/117717\/revisions"}],"predecessor-version":[{"id":117719,"href":"https:\/\/primicias2262.com\/noticias\/wp-json\/wp\/v2\/posts\/117717\/revisions\/117719"}],"wp:featuredmedia":[{"embeddable":true,"href":"https:\/\/primicias2262.com\/noticias\/wp-json\/wp\/v2\/media\/117718"}],"wp:attachment":[{"href":"https:\/\/primicias2262.com\/noticias\/wp-json\/wp\/v2\/media?parent=117717"}],"wp:term":[{"taxonomy":"category","embeddable":true,"href":"https:\/\/primicias2262.com\/noticias\/wp-json\/wp\/v2\/categories?post=117717"},{"taxonomy":"post_tag","embeddable":true,"href":"https:\/\/primicias2262.com\/noticias\/wp-json\/wp\/v2\/tags?post=117717"}],"curies":[{"name":"wp","href":"https:\/\/api.w.org\/{rel}","templated":true}]}}