{"id":117722,"date":"2025-12-19T21:02:31","date_gmt":"2025-12-19T21:02:31","guid":{"rendered":"https:\/\/primicias2262.com\/noticias\/?p=117722"},"modified":"2025-12-19T21:02:31","modified_gmt":"2025-12-19T21:02:31","slug":"el-senado-dictamino-a-favor-del-proyecto-inocencia-fiscal-y-se-debatira-el-26-de-diciembre","status":"publish","type":"post","link":"https:\/\/primicias2262.com\/noticias\/el-senado-dictamino-a-favor-del-proyecto-inocencia-fiscal-y-se-debatira-el-26-de-diciembre\/","title":{"rendered":"El Senado dictamin\u00f3 a favor del proyecto Inocencia Fiscal y se debatir\u00e1 el 26 de diciembre"},"content":{"rendered":"<p>La<strong>\u00a0Libertad Avanza\u00a0<\/strong>consigui\u00f3 este viernes en el Senado, junto a sus aliados, el dictamen de mayor\u00eda sobre el proyecto de \u201cInocencia Fiscal\u201d, con lo cual esa iniciativa podr\u00e1 debatirse junto al Presupuesto\u00a0<strong>en la sesi\u00f3n que se realizar\u00e1 el 26 de diciembre a las 12<\/strong>.<\/p>\n<p>La decisi\u00f3n se adopt\u00f3 en una reuni\u00f3n de la Comisi\u00f3n de Justicia y Asuntos Penales, que preside el libertario\u00a0<strong>Juan Carlos Pagotto,<\/strong>\u00a0luego de haber analizado el texto votado por la C\u00e1mara de Diputados en la madrugada del jueves.<\/p>\n<p>La iniciativa ser\u00e1 tratada el 26 de diciembre junto al Presupuesto 2026, seg\u00fan supo la\u00a0<a href=\"https:\/\/noticiasargentinas.com\/\"><strong>Agencia de Noticias Argentinas<\/strong><\/a><strong>.<\/strong><\/p>\n<p>Al abrir el debate, el senador libertario se\u00f1al\u00f3 que \u00aben la\u00a0<strong>Argentina estamos cambiando de paradigma, antes se utilizaba la AFIP como polic\u00eda del r\u00e9gimen. Este proyecto es un comienzo, sobre todo para la inocencia fiscal y para que dejemos de depender de resoluciones generales y empecemos a depender de la ley\u201d.<\/strong><\/p>\n<p>Desde la oposici\u00f3n, el radical\u00a0<strong>Maximiliano Abad<\/strong>, celebr\u00f3 la iniciativa ya que, dijo, \u00abeste nuevo enfoque reconoce que los contribuyentes son inocentes hasta que el fisco, con documentaci\u00f3n y pruebas, demuestre lo contrario. Es un cambio conceptual muy importante\u201d.<\/p>\n<p>No obstante, el senador expres\u00f3 su \u00abpreocupaci\u00f3n\u00bb por la \u00abactualizaci\u00f3n de las multas, particularmente en el caso de las declaraciones juradas, que pasan de 200 a 220.000 pesos, sin que la ley precise el sistema utilizado para ese incremento ni establezca diferencias entre micro, peque\u00f1os, medianos y grandes contribuyentes\u201d.<\/p>\n","protected":false},"excerpt":{"rendered":"<p>La\u00a0Libertad Avanza\u00a0consigui\u00f3 este viernes en el Senado, junto a sus aliados, el dictamen de mayor\u00eda sobre el proyecto de \u201cInocencia Fiscal\u201d, con lo cual esa iniciativa podr\u00e1 debatirse junto al Presupuesto\u00a0en la sesi\u00f3n que se realizar\u00e1 el 26 de diciembre a las 12. La decisi\u00f3n se adopt\u00f3 en una reuni\u00f3n de la Comisi\u00f3n de Justicia [&hellip;]<\/p>\n","protected":false},"author":3,"featured_media":117723,"comment_status":"open","ping_status":"open","sticky":false,"template":"","format":"standard","meta":{"footnotes":""},"categories":[7],"tags":[],"class_list":{"0":"post-117722","1":"post","2":"type-post","3":"status-publish","4":"format-standard","5":"has-post-thumbnail","7":"category-nac"},"_links":{"self":[{"href":"https:\/\/primicias2262.com\/noticias\/wp-json\/wp\/v2\/posts\/117722","targetHints":{"allow":["GET"]}}],"collection":[{"href":"https:\/\/primicias2262.com\/noticias\/wp-json\/wp\/v2\/posts"}],"about":[{"href":"https:\/\/primicias2262.com\/noticias\/wp-json\/wp\/v2\/types\/post"}],"author":[{"embeddable":true,"href":"https:\/\/primicias2262.com\/noticias\/wp-json\/wp\/v2\/users\/3"}],"replies":[{"embeddable":true,"href":"https:\/\/primicias2262.com\/noticias\/wp-json\/wp\/v2\/comments?post=117722"}],"version-history":[{"count":1,"href":"https:\/\/primicias2262.com\/noticias\/wp-json\/wp\/v2\/posts\/117722\/revisions"}],"predecessor-version":[{"id":117724,"href":"https:\/\/primicias2262.com\/noticias\/wp-json\/wp\/v2\/posts\/117722\/revisions\/117724"}],"wp:featuredmedia":[{"embeddable":true,"href":"https:\/\/primicias2262.com\/noticias\/wp-json\/wp\/v2\/media\/117723"}],"wp:attachment":[{"href":"https:\/\/primicias2262.com\/noticias\/wp-json\/wp\/v2\/media?parent=117722"}],"wp:term":[{"taxonomy":"category","embeddable":true,"href":"https:\/\/primicias2262.com\/noticias\/wp-json\/wp\/v2\/categories?post=117722"},{"taxonomy":"post_tag","embeddable":true,"href":"https:\/\/primicias2262.com\/noticias\/wp-json\/wp\/v2\/tags?post=117722"}],"curies":[{"name":"wp","href":"https:\/\/api.w.org\/{rel}","templated":true}]}}