{"id":117725,"date":"2025-12-19T21:07:02","date_gmt":"2025-12-19T21:07:02","guid":{"rendered":"https:\/\/primicias2262.com\/noticias\/?p=117725"},"modified":"2025-12-19T21:07:02","modified_gmt":"2025-12-19T21:07:02","slug":"remodelaciones-y-ampliacion-del-hospital-ferreyra-objetivos-de-la-asociacion-cooperadora","status":"publish","type":"post","link":"https:\/\/primicias2262.com\/noticias\/remodelaciones-y-ampliacion-del-hospital-ferreyra-objetivos-de-la-asociacion-cooperadora\/","title":{"rendered":"Remodelaciones y ampliaci\u00f3n del  Hospital Ferreyra, objetivos  de la Asociaci\u00f3n Cooperadora"},"content":{"rendered":"<p>La presidenta de la Cooperadora del Hospital Municipal \u201cDr. Emilio Ferreyra\u201d, Marta Rold\u00e1n Iriberri, dialog\u00f3 con el periodista Jorge G\u00f3mez, en el marco del segmento radial de Voces de la Ciudad, que se transmite a trav\u00e9s de FM Free, en su dial 90.3.<\/p>\n<p>Brind\u00f3 su balance sobre la situaci\u00f3n del hospital, y de la Cooperadora: \u201cCada a\u00f1o y cada obra que hacemos nos llena de felicidad. Este 2025 fue un antes y un despu\u00e9s para nuestro hospital por la adquisici\u00f3n e instalaci\u00f3n del tom\u00f3grafo. Creo que esto es un antes y un despu\u00e9s para nuestro hospital\u201d, a\u00f1adi\u00f3.<\/p>\n<p>La Asociaci\u00f3n Cooperadora del Hospital Municipal \u201cDr. Emilio Ferreyra\u201d se encuentra llevando a cabo la remodelaci\u00f3n del Servicio de Cirug\u00eda, sumado a la habilitaci\u00f3n para un tercer quir\u00f3fano. El objetivo de esta mejora es ampliar la capacidad operativa del Hospital y optimizar las condiciones laborales del personal.<\/p>\n<p>La presidente de la Cooperadora mencion\u00f3 que esta iniciativa se puso en marcha despu\u00e9s de finalizar la adecuaci\u00f3n del servicio de Im\u00e1genes y la obra civil, que fue necesaria para la instalaci\u00f3n del tom\u00f3grafo.<\/p>\n<p>\u201cTengo el sentimiento del deber trabajar. Tengo y tenemos que brindar y cumplir nuestras tareas. Esto nos da paz, porque ayudamos a los pacientes que van y se atienden en nuestro hospital. Desde la Cooperadora estamos muy unidos al personal del hospital y estamos involucrados con todo para brindar la mejor atenci\u00f3n\u201d, manifest\u00f3 Marta Rold\u00e1n Iriberri.<\/p>\n<p>Actualmente el Hospital opera con dos quir\u00f3fanos, pero la alta demanda motiv\u00f3 la ampliaci\u00f3n de la capacidad.<\/p>\n<p>El espacio f\u00edsico para el tercer quir\u00f3fano ya exist\u00eda, pero no estaba en uso por falta de equipamiento. La Cooperadora ya adquiri\u00f3 la aparatolog\u00eda necesaria para ponerlo en funcionamiento.<\/p>\n<p>La obra contempla una intervenci\u00f3n integral de toda el \u00e1rea de Cirug\u00eda. El sector remodelado contar\u00e1 con dos quir\u00f3fanos existentes, m\u00e1s un tercero que se incorpora a finales del presente 2025; dos ba\u00f1os, un espacio para m\u00e9dicos, una cocina, el sector de secretar\u00eda y otras dependencias.<\/p>\n<p>Cabe destacar, adem\u00e1s, que se realizar\u00e1n tareas de pintura, remodelaci\u00f3n para los ba\u00f1os, recambio de canillas y servicios integrales.<\/p>\n<p>\u201cNo s\u00e9 si finalizaremos con todos los trabajos en fines de este a\u00f1o o en principios de enero, pero tenemos todos los medios y equipo necesario para conseguir lo mejor para todos\u201d expres\u00f3 la presidenta de dicha cooperadora.<\/p>\n","protected":false},"excerpt":{"rendered":"<p>La presidenta de la Cooperadora del Hospital Municipal \u201cDr. Emilio Ferreyra\u201d, Marta Rold\u00e1n Iriberri, dialog\u00f3 con el periodista Jorge G\u00f3mez, en el marco del segmento radial de Voces de la Ciudad, que se transmite a trav\u00e9s de FM Free, en su dial 90.3. Brind\u00f3 su balance sobre la situaci\u00f3n del hospital, y de la Cooperadora: [&hellip;]<\/p>\n","protected":false},"author":3,"featured_media":117726,"comment_status":"open","ping_status":"open","sticky":false,"template":"","format":"standard","meta":{"footnotes":""},"categories":[6],"tags":[],"class_list":{"0":"post-117725","1":"post","2":"type-post","3":"status-publish","4":"format-standard","5":"has-post-thumbnail","7":"category-portada2"},"_links":{"self":[{"href":"https:\/\/primicias2262.com\/noticias\/wp-json\/wp\/v2\/posts\/117725","targetHints":{"allow":["GET"]}}],"collection":[{"href":"https:\/\/primicias2262.com\/noticias\/wp-json\/wp\/v2\/posts"}],"about":[{"href":"https:\/\/primicias2262.com\/noticias\/wp-json\/wp\/v2\/types\/post"}],"author":[{"embeddable":true,"href":"https:\/\/primicias2262.com\/noticias\/wp-json\/wp\/v2\/users\/3"}],"replies":[{"embeddable":true,"href":"https:\/\/primicias2262.com\/noticias\/wp-json\/wp\/v2\/comments?post=117725"}],"version-history":[{"count":1,"href":"https:\/\/primicias2262.com\/noticias\/wp-json\/wp\/v2\/posts\/117725\/revisions"}],"predecessor-version":[{"id":117727,"href":"https:\/\/primicias2262.com\/noticias\/wp-json\/wp\/v2\/posts\/117725\/revisions\/117727"}],"wp:featuredmedia":[{"embeddable":true,"href":"https:\/\/primicias2262.com\/noticias\/wp-json\/wp\/v2\/media\/117726"}],"wp:attachment":[{"href":"https:\/\/primicias2262.com\/noticias\/wp-json\/wp\/v2\/media?parent=117725"}],"wp:term":[{"taxonomy":"category","embeddable":true,"href":"https:\/\/primicias2262.com\/noticias\/wp-json\/wp\/v2\/categories?post=117725"},{"taxonomy":"post_tag","embeddable":true,"href":"https:\/\/primicias2262.com\/noticias\/wp-json\/wp\/v2\/tags?post=117725"}],"curies":[{"name":"wp","href":"https:\/\/api.w.org\/{rel}","templated":true}]}}