{"id":117728,"date":"2025-12-19T21:09:17","date_gmt":"2025-12-19T21:09:17","guid":{"rendered":"https:\/\/primicias2262.com\/noticias\/?p=117728"},"modified":"2025-12-19T21:10:27","modified_gmt":"2025-12-19T21:10:27","slug":"117728-2","status":"publish","type":"post","link":"https:\/\/primicias2262.com\/noticias\/117728-2\/","title":{"rendered":"Se inicia el proceso de digitalizaci\u00f3n  de las tasas municipales"},"content":{"rendered":"<p>La subsecretaria de la Agencia de Recaudaci\u00f3n de la Municipalidad de Necochea, licenciada Roc\u00edo Zabalj\u00e1uregui, mantuvo un di\u00e1logo con el periodista Jorge G\u00f3mez, en el marco del segmento radial de Voces de la Ciudad, que se emite a trav\u00e9s de FM Free, en su dial 90.3<br \/>\n\u201cEstamos trabajando en impulsar las pol\u00edticas de modernizaci\u00f3n de la administraci\u00f3n, y simplificar los tr\u00e1mites de los contribuyentes.<\/p>\n<p>Esto (la b\u00fasqueda de digitalizar todo lo atinente al tema tasas, evitando las impresiones) ya lo ven\u00edamos desarroll\u00e1ndolo desde la adhesi\u00f3n a la boleta electr\u00f3nica, y nuestra idea es reemplazar de forma definitiva los tr\u00e1mites en formato digital, dejando de lado el formato papel. Esto permite que se puedan programar los pagos en tiempo y forma, y los contribuyentes pueden planificar todos sus tr\u00e1mites de forma m\u00e1s efectiva y din\u00e1mica\u201d, expres\u00f3 Zabalj\u00e1uregui.<\/p>\n<p>Cuando se le pregunt\u00f3 acerca de las tasas municipales, y sus vencimientos del pr\u00f3ximo mes de enero de 2026, la subsecretaria de Recaudaci\u00f3n manifest\u00f3 que \u201cesta primera tanda se va a estar repartiendo (el primer trimestre de 2026), para que los contribuyentes puedan adherirse al formato electr\u00f3nico, y esto se implementar\u00e1 a partir del pr\u00f3ximo 2 de enero.<\/p>\n<p>Los vencimientos del anticipo uno est\u00e1 previsto para el 15 de enero, y el segundo para el 22 del mismo mes, mientras que el pago anual tiene como primera fecha l\u00edmite el 30 de enero, siendo la segunda el d\u00eda 16 de febrero\u201d.<\/p>\n","protected":false},"excerpt":{"rendered":"<p>La subsecretaria de la Agencia de Recaudaci\u00f3n de la Municipalidad de Necochea, licenciada Roc\u00edo Zabalj\u00e1uregui, mantuvo un di\u00e1logo con el periodista Jorge G\u00f3mez, en el marco del segmento radial de Voces de la Ciudad, que se emite a trav\u00e9s de FM Free, en su dial 90.3 \u201cEstamos trabajando en impulsar las pol\u00edticas de modernizaci\u00f3n de [&hellip;]<\/p>\n","protected":false},"author":3,"featured_media":117729,"comment_status":"open","ping_status":"open","sticky":false,"template":"","format":"standard","meta":{"footnotes":""},"categories":[5],"tags":[],"class_list":{"0":"post-117728","1":"post","2":"type-post","3":"status-publish","4":"format-standard","5":"has-post-thumbnail","7":"category-neco"},"_links":{"self":[{"href":"https:\/\/primicias2262.com\/noticias\/wp-json\/wp\/v2\/posts\/117728","targetHints":{"allow":["GET"]}}],"collection":[{"href":"https:\/\/primicias2262.com\/noticias\/wp-json\/wp\/v2\/posts"}],"about":[{"href":"https:\/\/primicias2262.com\/noticias\/wp-json\/wp\/v2\/types\/post"}],"author":[{"embeddable":true,"href":"https:\/\/primicias2262.com\/noticias\/wp-json\/wp\/v2\/users\/3"}],"replies":[{"embeddable":true,"href":"https:\/\/primicias2262.com\/noticias\/wp-json\/wp\/v2\/comments?post=117728"}],"version-history":[{"count":2,"href":"https:\/\/primicias2262.com\/noticias\/wp-json\/wp\/v2\/posts\/117728\/revisions"}],"predecessor-version":[{"id":117731,"href":"https:\/\/primicias2262.com\/noticias\/wp-json\/wp\/v2\/posts\/117728\/revisions\/117731"}],"wp:featuredmedia":[{"embeddable":true,"href":"https:\/\/primicias2262.com\/noticias\/wp-json\/wp\/v2\/media\/117729"}],"wp:attachment":[{"href":"https:\/\/primicias2262.com\/noticias\/wp-json\/wp\/v2\/media?parent=117728"}],"wp:term":[{"taxonomy":"category","embeddable":true,"href":"https:\/\/primicias2262.com\/noticias\/wp-json\/wp\/v2\/categories?post=117728"},{"taxonomy":"post_tag","embeddable":true,"href":"https:\/\/primicias2262.com\/noticias\/wp-json\/wp\/v2\/tags?post=117728"}],"curies":[{"name":"wp","href":"https:\/\/api.w.org\/{rel}","templated":true}]}}