{"id":117734,"date":"2025-12-19T21:13:42","date_gmt":"2025-12-19T21:13:42","guid":{"rendered":"https:\/\/primicias2262.com\/noticias\/?p=117734"},"modified":"2025-12-19T21:13:42","modified_gmt":"2025-12-19T21:13:42","slug":"carrillo-brindo-un-panorama-de-la-situacion-en-el-consorcio-de-puerto-quequen","status":"publish","type":"post","link":"https:\/\/primicias2262.com\/noticias\/carrillo-brindo-un-panorama-de-la-situacion-en-el-consorcio-de-puerto-quequen\/","title":{"rendered":"Carrillo brind\u00f3 un panorama  de la situaci\u00f3n en el Consorcio  de Puerto Quequ\u00e9n"},"content":{"rendered":"<p>El doctor Mariano Carrillo, presidente interino del Consorcio de Gesti\u00f3n del Puerto de Quequ\u00e9n, y actualmente adem\u00e1s a cargo interinamente de la Gerencia General del ente, mantuvo una entrevista con el periodista Jorge G\u00f3mez, en el marco del segmento radial Voces de la Ciudad, que se transmite a trav\u00e9s de FM Free, en su dial 90.3.<\/p>\n<p>Se le consult\u00f3 sobre la reciente situaci\u00f3n con respecto a su designaci\u00f3n como presidente interino, hasta tanto el gobernador, Axel Kicillof, designe un nuevo mandatario en el cargo, para lo cual dio cuenta que \u201chay que seguir adelante, y el propio Consorcio como ente mixto necesitaba de manera imperiosa un presidente interino que pueda convocar al Directorio, y este mismo es el \u00f3rgano principal de nuestra administraci\u00f3n. Sin este, le quitamos al puerto el cerebro y el coraz\u00f3n\u201d, expres\u00f3 Carrillo.<\/p>\n<p>La operatoria portuaria del Consorcio est\u00e1 concluyendo este 2025 con un r\u00e9cord estimado de 9.000.000 de toneladas en el movimiento de carga y descarga. Seg\u00fan Carrillo, los par\u00e1metros indican que el pr\u00f3ximo a\u00f1o tendr\u00e1 un crecimiento a\u00fan mayor.<\/p>\n<p>Cuando se le pregunt\u00f3 acerca del proyecto de licitaci\u00f3n de los elevadores de Terminal Quequ\u00e9n, que est\u00e1 nuevamente prorrogado su uso por seis meses, el doctor Carrillo manifest\u00f3 que \u201cqued\u00f3 como se hab\u00eda dispuesto en la gesti\u00f3n de la licenciada Jimena L\u00f3pez (ex titular del CGPQ) lo que nosotros hicimos fue dictar una resoluci\u00f3n del Directorio. Hab\u00eda que contribuir a la seguridad jur\u00eddica, y desde el pasado d\u00eda primero de diciembre, con un plazo de seis meses, se inici\u00f3 esta pr\u00f3rroga. Mientras tanto, continuaremos trabajando para recabar los antecedentes y pliegos para que, cuando tengamos una nueva autoridad provincial, podamos avanzar en las licitaciones propuestas por el gobernador Kicillof\u201d.<\/p>\n<p>Con respecto a los pliegos relacionados a este tema, el presidente interino del ente portuario brind\u00f3 la siguiente informaci\u00f3n: \u201cTengo entendido que, durante la \u00faltima etapa, hubo una serie de marchas y contramarchas en la ecuaci\u00f3n econ\u00f3mico-financiera, y estas deben estar plasmadas en la situaci\u00f3n. El Directorio colabor\u00f3 con ella para resolver esta situaci\u00f3n\u201d.<\/p>\n","protected":false},"excerpt":{"rendered":"<p>El doctor Mariano Carrillo, presidente interino del Consorcio de Gesti\u00f3n del Puerto de Quequ\u00e9n, y actualmente adem\u00e1s a cargo interinamente de la Gerencia General del ente, mantuvo una entrevista con el periodista Jorge G\u00f3mez, en el marco del segmento radial Voces de la Ciudad, que se transmite a trav\u00e9s de FM Free, en su dial [&hellip;]<\/p>\n","protected":false},"author":3,"featured_media":117735,"comment_status":"open","ping_status":"open","sticky":false,"template":"","format":"standard","meta":{"footnotes":""},"categories":[5],"tags":[],"class_list":{"0":"post-117734","1":"post","2":"type-post","3":"status-publish","4":"format-standard","5":"has-post-thumbnail","7":"category-neco"},"_links":{"self":[{"href":"https:\/\/primicias2262.com\/noticias\/wp-json\/wp\/v2\/posts\/117734","targetHints":{"allow":["GET"]}}],"collection":[{"href":"https:\/\/primicias2262.com\/noticias\/wp-json\/wp\/v2\/posts"}],"about":[{"href":"https:\/\/primicias2262.com\/noticias\/wp-json\/wp\/v2\/types\/post"}],"author":[{"embeddable":true,"href":"https:\/\/primicias2262.com\/noticias\/wp-json\/wp\/v2\/users\/3"}],"replies":[{"embeddable":true,"href":"https:\/\/primicias2262.com\/noticias\/wp-json\/wp\/v2\/comments?post=117734"}],"version-history":[{"count":1,"href":"https:\/\/primicias2262.com\/noticias\/wp-json\/wp\/v2\/posts\/117734\/revisions"}],"predecessor-version":[{"id":117736,"href":"https:\/\/primicias2262.com\/noticias\/wp-json\/wp\/v2\/posts\/117734\/revisions\/117736"}],"wp:featuredmedia":[{"embeddable":true,"href":"https:\/\/primicias2262.com\/noticias\/wp-json\/wp\/v2\/media\/117735"}],"wp:attachment":[{"href":"https:\/\/primicias2262.com\/noticias\/wp-json\/wp\/v2\/media?parent=117734"}],"wp:term":[{"taxonomy":"category","embeddable":true,"href":"https:\/\/primicias2262.com\/noticias\/wp-json\/wp\/v2\/categories?post=117734"},{"taxonomy":"post_tag","embeddable":true,"href":"https:\/\/primicias2262.com\/noticias\/wp-json\/wp\/v2\/tags?post=117734"}],"curies":[{"name":"wp","href":"https:\/\/api.w.org\/{rel}","templated":true}]}}