{"id":73656,"date":"2021-03-01T09:12:42","date_gmt":"2021-03-01T12:12:42","guid":{"rendered":"https:\/\/primicias2262.com\/?p=73656"},"modified":"2021-03-01T09:12:42","modified_gmt":"2021-03-01T12:12:42","slug":"trabajan-en-el-desarme-de-la-plaza-rocha-para-habilitar-al-transito-al-mediodia","status":"publish","type":"post","link":"https:\/\/primicias2262.com\/noticias\/trabajan-en-el-desarme-de-la-plaza-rocha-para-habilitar-al-transito-al-mediodia\/","title":{"rendered":"Trabajan en el desarme de la Plaza Rocha para habilitar al tr\u00e1nsito"},"content":{"rendered":"<p><strong>Este lunes comienza el ciclo lectivo en la ciudad y desde el municipio se trabaja en el desarme de las estructuras del Festival Infantil para que al mediod\u00eda o tarde se pueda habilitar el tr\u00e1nsito en torno a la Plaza Dardo Rocha, habida cuenta de la importante cantidad de establecimientos educativos que est\u00e1n en las inmediaciones de la misma.<\/strong><\/p>\n<p>Al respecto, en di\u00e1logo con el periodista Jorge G\u00f3mez para el programa \u201cVoces de la Ciudad\u201d, el director de Servicios P\u00fablicos de la comuna, Ariel Rodr\u00edguez, inform\u00f3 que \u201cestamos trabajando desde temprano, haciendo el desarme de todo lo que fueron las actividades del Festival, estamos apresurados con eso para habilitar el tr\u00e1nsito en la Plaza Dardo Rocha\u201d.<\/p>\n<p>Apunt\u00f3 que \u201cest\u00e1 toda la gente de Servicios P\u00fablicos trabajando y est\u00e1 la gente de Cultura que tiene que hacer todo el traslado de las figuras, y preferimos tener algunas calles cerradas por el tema de camiones grandes para prevenir accidentes\u201d.<\/p>\n<p>En cuanto a los tiempos, Rodr\u00edguez estim\u00f3 que \u201ctodo depende de la agilidad que tengamos, porque hay\u00a0 muchas piezas que devolver a agrupaciones y hay que tener debido cuidado al desarmar, y calculamos que cerca del mediod\u00eda o para la tarde tener todo listo y habilitado, ya que la semana pasada ya desarmamos lo m\u00e1s grande que era el escenario y la carpa\u201d.<\/p>\n<p>Mientras tanto, fue consultado por el resto de las tareas de su \u00e1rea e inform\u00f3 al respecto que \u201carrancamos una semana movida, con toda la limpieza del hospital modular, terminando la pintura del Anfiteatro que est\u00e1 quedando espectacular, tenemos varias cuadrillas distribuidas en lo que es el barrido de la ciudad, tenemos cuadrillas en la playa reforzando la limpieza y a su vez el mantenimiento de todos los jardines municipales, ya que se vuelve al ciclo lectivo\u201d.<\/p>\n","protected":false},"excerpt":{"rendered":"<p>Este lunes comienza el ciclo lectivo en la ciudad y desde el municipio se trabaja en el desarme de las estructuras del Festival Infantil para que al mediod\u00eda o tarde se pueda habilitar el tr\u00e1nsito en torno a la Plaza Dardo Rocha, habida cuenta de la importante cantidad de establecimientos educativos que est\u00e1n en las [&hellip;]<\/p>\n","protected":false},"author":3,"featured_media":73096,"comment_status":"closed","ping_status":"closed","sticky":false,"template":"","format":"standard","meta":{"footnotes":""},"categories":[3],"tags":[],"class_list":{"0":"post-73656","1":"post","2":"type-post","3":"status-publish","4":"format-standard","5":"has-post-thumbnail","7":"category-masnoticias"},"_links":{"self":[{"href":"https:\/\/primicias2262.com\/noticias\/wp-json\/wp\/v2\/posts\/73656","targetHints":{"allow":["GET"]}}],"collection":[{"href":"https:\/\/primicias2262.com\/noticias\/wp-json\/wp\/v2\/posts"}],"about":[{"href":"https:\/\/primicias2262.com\/noticias\/wp-json\/wp\/v2\/types\/post"}],"author":[{"embeddable":true,"href":"https:\/\/primicias2262.com\/noticias\/wp-json\/wp\/v2\/users\/3"}],"replies":[{"embeddable":true,"href":"https:\/\/primicias2262.com\/noticias\/wp-json\/wp\/v2\/comments?post=73656"}],"version-history":[{"count":0,"href":"https:\/\/primicias2262.com\/noticias\/wp-json\/wp\/v2\/posts\/73656\/revisions"}],"wp:featuredmedia":[{"embeddable":true,"href":"https:\/\/primicias2262.com\/noticias\/wp-json\/"}],"wp:attachment":[{"href":"https:\/\/primicias2262.com\/noticias\/wp-json\/wp\/v2\/media?parent=73656"}],"wp:term":[{"taxonomy":"category","embeddable":true,"href":"https:\/\/primicias2262.com\/noticias\/wp-json\/wp\/v2\/categories?post=73656"},{"taxonomy":"post_tag","embeddable":true,"href":"https:\/\/primicias2262.com\/noticias\/wp-json\/wp\/v2\/tags?post=73656"}],"curies":[{"name":"wp","href":"https:\/\/api.w.org\/{rel}","templated":true}]}}