{"id":73674,"date":"2021-03-01T13:19:56","date_gmt":"2021-03-01T16:19:56","guid":{"rendered":"https:\/\/primicias2262.com\/?p=73674"},"modified":"2021-03-01T13:19:56","modified_gmt":"2021-03-01T16:19:56","slug":"organizaciones-sociales-pintaron-la-secundaria-no-15","status":"publish","type":"post","link":"https:\/\/primicias2262.com\/noticias\/organizaciones-sociales-pintaron-la-secundaria-no-15\/","title":{"rendered":"Organizaciones sociales pintaron la Secundaria N\u00ba 15"},"content":{"rendered":"<p style=\"font-weight: 400;\"><strong>Trabajadores de la econom\u00eda popular finalizaron las obras en el marco del programa Argentina Unida por la Educaci\u00f3n y el Trabajo.<\/strong><\/p>\n<p>Trabajadores y trabajadoras de la econom\u00eda popular realizaron la pintura completa de las aulas de la Escuela Secundaria N\u00b015 para ponerla a punto de cara al inicio del ciclo lectivo 2021. La tarea estuvo a cargo de organizaciones sociales como UTEP-Movimiento Evita, Somos-Barrios de Pie, Atahualpa y Nuestram\u00e9rica.<\/p>\n<p style=\"font-weight: 400;\">Estas obras se realizaron en el marco del programa Argentina Unida por la Educaci\u00f3n y el Trabajo con el que los gobiernos nacional y provincial buscan articular con los municipios para que quienes perciben el programa Potenciar Trabajo realicen obras en establecimientos educativos. Las pr\u00f3ximas semanas los movimientos sociales continuar\u00e1n con tareas en otras escuelas y jardines de la ciudad que ya fueron acordadas con el Consejo Escolar y con directivos de cada sitio.<\/p>\n<p style=\"font-weight: 400;\">Luciano Lescano, profesor secundario y referente del Movimiento Evita, manifest\u00f3 que \u201ces importante que en este regreso a clases est\u00e9n dadas las condiciones de infraestructura y edilicias en las escuelas\u201d. En el mismo sentido, expres\u00f3 que \u201cnos llena de orgullo el trabajo que vienen realizando las y los trabajadores de diferentes organizaciones que suman su aporte en coordinaci\u00f3n con el Estado\u201d.<\/p>\n","protected":false},"excerpt":{"rendered":"<p>Trabajadores de la econom\u00eda popular finalizaron las obras en el marco del programa Argentina Unida por la Educaci\u00f3n y el Trabajo. Trabajadores y trabajadoras de la econom\u00eda popular realizaron la pintura completa de las aulas de la Escuela Secundaria N\u00b015 para ponerla a punto de cara al inicio del ciclo lectivo 2021. La tarea estuvo [&hellip;]<\/p>\n","protected":false},"author":3,"featured_media":73675,"comment_status":"closed","ping_status":"closed","sticky":false,"template":"","format":"standard","meta":{"footnotes":""},"categories":[3],"tags":[],"class_list":{"0":"post-73674","1":"post","2":"type-post","3":"status-publish","4":"format-standard","5":"has-post-thumbnail","7":"category-masnoticias"},"_links":{"self":[{"href":"https:\/\/primicias2262.com\/noticias\/wp-json\/wp\/v2\/posts\/73674","targetHints":{"allow":["GET"]}}],"collection":[{"href":"https:\/\/primicias2262.com\/noticias\/wp-json\/wp\/v2\/posts"}],"about":[{"href":"https:\/\/primicias2262.com\/noticias\/wp-json\/wp\/v2\/types\/post"}],"author":[{"embeddable":true,"href":"https:\/\/primicias2262.com\/noticias\/wp-json\/wp\/v2\/users\/3"}],"replies":[{"embeddable":true,"href":"https:\/\/primicias2262.com\/noticias\/wp-json\/wp\/v2\/comments?post=73674"}],"version-history":[{"count":0,"href":"https:\/\/primicias2262.com\/noticias\/wp-json\/wp\/v2\/posts\/73674\/revisions"}],"wp:featuredmedia":[{"embeddable":true,"href":"https:\/\/primicias2262.com\/noticias\/wp-json\/"}],"wp:attachment":[{"href":"https:\/\/primicias2262.com\/noticias\/wp-json\/wp\/v2\/media?parent=73674"}],"wp:term":[{"taxonomy":"category","embeddable":true,"href":"https:\/\/primicias2262.com\/noticias\/wp-json\/wp\/v2\/categories?post=73674"},{"taxonomy":"post_tag","embeddable":true,"href":"https:\/\/primicias2262.com\/noticias\/wp-json\/wp\/v2\/tags?post=73674"}],"curies":[{"name":"wp","href":"https:\/\/api.w.org\/{rel}","templated":true}]}}