{"id":73699,"date":"2021-03-02T10:34:09","date_gmt":"2021-03-02T13:34:09","guid":{"rendered":"https:\/\/primicias2262.com\/?p=73699"},"modified":"2021-03-02T10:34:09","modified_gmt":"2021-03-02T13:34:09","slug":"ranaldi-en-lineas-generales-el-inicio-del-ciclo-lectivo-estuvo-muy-bien","status":"publish","type":"post","link":"https:\/\/primicias2262.com\/noticias\/ranaldi-en-lineas-generales-el-inicio-del-ciclo-lectivo-estuvo-muy-bien\/","title":{"rendered":"Ranaldi: \u201cEn l\u00edneas generales el inicio del ciclo lectivo estuvo muy bien\u201d"},"content":{"rendered":"<p><strong>En nota con el periodista Jorge G\u00f3mez para el programa \u201cVoces de la Ciudad\u201d, que se emite por FM Vinilo 103.5, el Jefe Distrital de Educaci\u00f3n, Javier Ranaldi, destac\u00f3 que el comienzo del ciclo lectivo en todo el distrito de Necochea no present\u00f3 mayores inconvenientes, a pesar de lo nuevo que significa la aplicaci\u00f3n de los estrictos protocolos.<\/strong><\/p>\n<p>\u201cEn l\u00edneas generales el inicio del ciclo lectivo estuvo muy bien, se comenz\u00f3 en casi todas las escuelas con una duraci\u00f3n de cuatro horas, y van a hacer una burbuja en la que van a ir una semana seguida durante cuatro horas, a la otra semana no y as\u00ed\u201d, comenz\u00f3 informando Ranaldi.<\/p>\n<p>A ello, hizo la aclaraci\u00f3n de que \u201chay dos escuelas, las primarias N\u00ba 25 de Quequ\u00e9n y la N\u00ba 2 de Necochea, que comenzaron con menos horarios porque tuvieron que adaptar la situaci\u00f3n a una cantidad de sanitarios que tienen por alumnos que indica el protocolo, y van un poco menos de tiempo, pero ya est\u00e1n armando una planificaci\u00f3n para cumplir las cuatro horas\u201d.<\/p>\n<p>Ante semejante articulaci\u00f3n de horarios, el Jefe Distrital us\u00f3 el concepto de \u201carmar un rompecabezas\u201d, y contempl\u00f3 que \u201cla secundaria comienza el pr\u00f3ximo lunes 8 y tambi\u00e9n usan los ba\u00f1os\u201d.<\/p>\n<p>En cuanto a la aplicaci\u00f3n de los protocolos en los alumnos, Ranaldi record\u00f3 que \u201chay que llevar una declaraci\u00f3n jurada cada 48 horas, se les toma la temperatura, entran s\u00f3lo los alumnos y los padres no, y hay que respetar estrictamente los horarios para que no se amontonen\u201d.<\/p>\n<p>En ese sentido, fue que valor\u00f3 que \u201cla verdad es que los padres dentro de todo bien, respetando las distancias, no generaron amontonamientos y la verdad es que el trabajo de los docentes es fenomenal, est\u00e1n muy bien organizados\u201d, mientras que agreg\u00f3: \u201cTambi\u00e9n tuvimos buenos comienzos en el resto de las localidades del distrito, en todos los puntos se est\u00e1 desarrollando muy bien el comienzo del ciclo, con todos los protocolos\u201d.<\/p>\n<p>Finalmente, Ranaldi se\u00f1al\u00f3 contrariamente a lo que se ense\u00f1a hist\u00f3ricamente que \u201cahora se inculca en esta situaci\u00f3n no compartir los \u00fatiles, y los recreos no son para salir a jugar, sino que son ratos que se toman para comer lo que han llevado, porque no hay quioscos tampoco, se sientan a un metro y medio cada uno y mientras charlan se ventilan los salones\u201d, al tiempo que alert\u00f3 que \u201cse nos viene el famoso \u00daltimo Primer D\u00eda de la secundaria y nos vamos a juntar con Juventud del municipio y directivos para tomar las precauciones\u201d.<\/p>\n","protected":false},"excerpt":{"rendered":"<p>En nota con el periodista Jorge G\u00f3mez para el programa \u201cVoces de la Ciudad\u201d, que se emite por FM Vinilo 103.5, el Jefe Distrital de Educaci\u00f3n, Javier Ranaldi, destac\u00f3 que el comienzo del ciclo lectivo en todo el distrito de Necochea no present\u00f3 mayores inconvenientes, a pesar de lo nuevo que significa la aplicaci\u00f3n de [&hellip;]<\/p>\n","protected":false},"author":3,"featured_media":73376,"comment_status":"closed","ping_status":"closed","sticky":false,"template":"","format":"standard","meta":{"footnotes":""},"categories":[3],"tags":[],"class_list":{"0":"post-73699","1":"post","2":"type-post","3":"status-publish","4":"format-standard","5":"has-post-thumbnail","7":"category-masnoticias"},"_links":{"self":[{"href":"https:\/\/primicias2262.com\/noticias\/wp-json\/wp\/v2\/posts\/73699","targetHints":{"allow":["GET"]}}],"collection":[{"href":"https:\/\/primicias2262.com\/noticias\/wp-json\/wp\/v2\/posts"}],"about":[{"href":"https:\/\/primicias2262.com\/noticias\/wp-json\/wp\/v2\/types\/post"}],"author":[{"embeddable":true,"href":"https:\/\/primicias2262.com\/noticias\/wp-json\/wp\/v2\/users\/3"}],"replies":[{"embeddable":true,"href":"https:\/\/primicias2262.com\/noticias\/wp-json\/wp\/v2\/comments?post=73699"}],"version-history":[{"count":0,"href":"https:\/\/primicias2262.com\/noticias\/wp-json\/wp\/v2\/posts\/73699\/revisions"}],"wp:featuredmedia":[{"embeddable":true,"href":"https:\/\/primicias2262.com\/noticias\/wp-json\/"}],"wp:attachment":[{"href":"https:\/\/primicias2262.com\/noticias\/wp-json\/wp\/v2\/media?parent=73699"}],"wp:term":[{"taxonomy":"category","embeddable":true,"href":"https:\/\/primicias2262.com\/noticias\/wp-json\/wp\/v2\/categories?post=73699"},{"taxonomy":"post_tag","embeddable":true,"href":"https:\/\/primicias2262.com\/noticias\/wp-json\/wp\/v2\/tags?post=73699"}],"curies":[{"name":"wp","href":"https:\/\/api.w.org\/{rel}","templated":true}]}}