{"id":73705,"date":"2021-03-02T10:47:55","date_gmt":"2021-03-02T13:47:55","guid":{"rendered":"https:\/\/primicias2262.com\/?p=73705"},"modified":"2021-03-02T10:47:55","modified_gmt":"2021-03-02T13:47:55","slug":"conflicto-de-aloncar-no-vamos-a-permitir-bajo-ningun-punto-que-la-unidad-productiva-baje-los-brazos","status":"publish","type":"post","link":"https:\/\/primicias2262.com\/noticias\/conflicto-de-aloncar-no-vamos-a-permitir-bajo-ningun-punto-que-la-unidad-productiva-baje-los-brazos\/","title":{"rendered":"Conflicto de Aloncar: \u201cNo vamos a permitir bajo ning\u00fan punto que la unidad productiva baje los brazos\u201d"},"content":{"rendered":"<p><strong>As\u00ed lo expres\u00f3 en \u201cVoces de la Ciudad\u201d el gremialista del Sindicato Argentino de Obreros Navales, Maximiliano Metzker, quien afirm\u00f3 el estado de alerta y movilizaci\u00f3n del sector tras las declaraciones period\u00edsticas de un integrante de la empresa que pon\u00edan en duda la continuidad de la misma.<\/strong><\/p>\n<p>En torno al conflicto con el sector pesquero y la firma Aloncar S.A. y las declaraciones vertidas por uno de los integrantes de \u00e9sta en \u201cVoces de la Ciudad\u201d, <a href=\"https:\/\/primicias2262.com\/por-un-conflicto-con-los-pescadores-se-analiza-el-cierre-de-la-firma-aloncar-s-a\/\" target=\"_blank\" rel=\"noopener noreferrer\"><strong>Hugo Obregozo<\/strong><\/a>, desde el Sindicato Argentino de Obreros Navales y Servicios de la Industria Naval de la Rep\u00fablica Argentina se emiti\u00f3 en las \u00faltimas horas un enf\u00e1tico comunicado en el que expresan el estado de alerta y movilizaci\u00f3n, a fin de salvaguardar los casi 100 puestos de trabajo \u00a0con que cuenta la firma dedicada al negocio de la reparaci\u00f3n y construcci\u00f3n de embarcaciones pesqueras.<\/p>\n<p>En virtud de dicho comunicado, esta ma\u00f1ana se expres\u00f3 uno de los integrantes de la Comisi\u00f3n Directiva Nacional del mencionado sindicato S.A.O.N.S.I.N.R.A., Maximiliano Metzker, en nota con el periodista Jorge G\u00f3mez en \u201cVoces de la Ciudad\u201d, donde afirm\u00f3 que \u201cnosotros estamos en estado de alerta y movilizaci\u00f3n porque no vamos a permitir bajo ning\u00fan punto de vista que esa unidad productiva baje los brazos o merme\u201d, y acot\u00f3 que \u201csi es necesario manifestarse lo vamos a hacer, porque no podemos permitir perder m\u00e1s espacios laborales ni puestos laborales, nuestra obligaci\u00f3n N\u00ba1 hoy es defender cada puesto laboral por c\u00f3mo est\u00e1 el pa\u00eds\u201d.<\/p>\n<p>En rededor de ello, Metzker puso en contexto el crecimiento de la actividad durante los \u00faltimos a\u00f1os con un relato cronol\u00f3gico que es el que, a grandes rasgos, se expres\u00f3 en el comunicado:<\/p>\n<p>\u201cLa actividad naval en la zona de Quequ\u00e9n y Necochea ha sido muy importante hasta principios de la d\u00e9cada del \u201990 cuando ten\u00edamos 800 trabajadores. Con el correr de los a\u00f1os se\u00a0 fue perdiendo la actividad hasta casi desaparecer en su totalidad, lo \u00faltimo que quedaba era algunos trabajadores en el taller de Hugo Obregozo y dos en la firma Vanoli\u201d, comenz\u00f3, para seguir que \u201cdespu\u00e9s esta realidad se revirti\u00f3 por la impronta empresarial en la que se apost\u00f3 fuertemente a la actividad, nosotros las gestiones que venimos realizando a nivel nacional para volver a poner a la industria de pie hace m\u00e1s de una d\u00e9cada y media y esto viene rindiendo sus frutos en Necochea y en la regi\u00f3n\u201d.<\/p>\n<p>\u201cHace unos a\u00f1os el astillero no serv\u00eda ni para plantar margaritas, pero hoy se ve un n\u00facleo de casi un centenar de trabajadores trabajando, y me parce algo totalmente il\u00f3gico que alguien de la sociedad local piense en destruir esas fuentes de trabajo\u201d, opin\u00f3 en consecuencia.<\/p>\n<p>En tanto, en otro fragmento de la nota sostuvo que \u201cel espacio que tiene Aloncar es muy chiquito, por eso extra\u00f1a que cuando vienen inversiones privadas for\u00e1neas se las espante, cuando en realidad la firma deja dinero de alistamiento, reparaci\u00f3n, es generadora de mano de obra local y un sinf\u00edn de inversiones que hace en la localidad\u201d.<\/p>\n<p>Adem\u00e1s, en tono de llegar a consensos de forma r\u00e1pida, Metzker manifest\u00f3 que \u201cdesconozco la realidad de los trabajadores de la pesca y no estamos en contra de esa actividad, pero nos parece una locura y un desprop\u00f3sito espantar las inversiones, sobre todo cuando se vive esta problem\u00e1tica laboral actual en el pa\u00eds\u201d.<\/p>\n<p>En tal sentido, apunt\u00f3 al di\u00e1logo, y tal como lo dice el comunicado: \u201cPropiciaremos una mesa de entendimiento en el \u00e1mbito del Consorcio a efectos de consensuar las actividades, priorizando el trabajo genuino\u201d, Metzker a\u00f1adi\u00f3 que \u201cal ente portuario y a toda la sociedad que tiene que ver con el \u00e1mbito portuario los invitamos asentarse en una mesa de di\u00e1logo y resolver la situaci\u00f3n, la idea es que todos los actores portuarios lleguen a los consensos\u201d.<\/p>\n<p>Asimismo, el gremialista subray\u00f3 que \u201cson entre 80 y 100 trabajadores en la firma, la mayor\u00eda de Necochea y algunos for\u00e1neos, hace tres a\u00f1os hab\u00eda ocho trabajadores, pero esto est\u00e1 acompa\u00f1ado por una fuerte impronta de la empresa y la expectativa de la gente a futuro, no s\u00f3lo por la ocupaci\u00f3n de la mano de obra local, sino tambi\u00e9n por la capacitaci\u00f3n de los trabajadores, ya que la industria naval as\u00ed lo demanda, y la firma tiene actualmente la continuidad del trabajo, que es lo que necesita un trabajador para capacitarse\u201d.<\/p>\n<p>\u201cEs un astillero que puede dejar en condiciones en dos o tres a\u00f1os a personas capacitadas y calificadas para el desarrollo de la actividad metalmec\u00e1nica fijada, lo cual no es hacer cucharitas\u201d, defini\u00f3 para que se tome en cuenta la importancia del sector\u201d, y agreg\u00f3 finalmente que \u201cesta tarde vamos a juntarnos con los compa\u00f1eros de la Federaci\u00f3n Mar\u00edtima, Portuaria y de la Industria Naval de la Rep\u00fablica Argentina para tocar estos temas y otros que est\u00e1n en agenda\u201d.<\/p>\n<p>Vale se\u00f1alar que en el comunicado expresado p\u00fablicamente en horas del lunes, desde S.A.O.N.S.I.N.R.A. expresaron que \u201cnuestra organizaci\u00f3n gremial se encuentra en estado de alerta y movilizaci\u00f3n\u00a0 en el irrestricto cuidado de las fuentes laborales y sus respectivos sectores productivos industriales\u201d.<\/p>\n","protected":false},"excerpt":{"rendered":"<p>As\u00ed lo expres\u00f3 en \u201cVoces de la Ciudad\u201d el gremialista del Sindicato Argentino de Obreros Navales, Maximiliano Metzker, quien afirm\u00f3 el estado de alerta y movilizaci\u00f3n del sector tras las declaraciones period\u00edsticas de un integrante de la empresa que pon\u00edan en duda la continuidad de la misma. En torno al conflicto con el sector pesquero [&hellip;]<\/p>\n","protected":false},"author":3,"featured_media":73706,"comment_status":"closed","ping_status":"closed","sticky":false,"template":"","format":"standard","meta":{"footnotes":""},"categories":[3],"tags":[],"class_list":{"0":"post-73705","1":"post","2":"type-post","3":"status-publish","4":"format-standard","5":"has-post-thumbnail","7":"category-masnoticias"},"_links":{"self":[{"href":"https:\/\/primicias2262.com\/noticias\/wp-json\/wp\/v2\/posts\/73705","targetHints":{"allow":["GET"]}}],"collection":[{"href":"https:\/\/primicias2262.com\/noticias\/wp-json\/wp\/v2\/posts"}],"about":[{"href":"https:\/\/primicias2262.com\/noticias\/wp-json\/wp\/v2\/types\/post"}],"author":[{"embeddable":true,"href":"https:\/\/primicias2262.com\/noticias\/wp-json\/wp\/v2\/users\/3"}],"replies":[{"embeddable":true,"href":"https:\/\/primicias2262.com\/noticias\/wp-json\/wp\/v2\/comments?post=73705"}],"version-history":[{"count":0,"href":"https:\/\/primicias2262.com\/noticias\/wp-json\/wp\/v2\/posts\/73705\/revisions"}],"wp:featuredmedia":[{"embeddable":true,"href":"https:\/\/primicias2262.com\/noticias\/wp-json\/"}],"wp:attachment":[{"href":"https:\/\/primicias2262.com\/noticias\/wp-json\/wp\/v2\/media?parent=73705"}],"wp:term":[{"taxonomy":"category","embeddable":true,"href":"https:\/\/primicias2262.com\/noticias\/wp-json\/wp\/v2\/categories?post=73705"},{"taxonomy":"post_tag","embeddable":true,"href":"https:\/\/primicias2262.com\/noticias\/wp-json\/wp\/v2\/tags?post=73705"}],"curies":[{"name":"wp","href":"https:\/\/api.w.org\/{rel}","templated":true}]}}