{"id":73721,"date":"2021-03-03T10:32:44","date_gmt":"2021-03-03T13:32:44","guid":{"rendered":"https:\/\/primicias2262.com\/?p=73721"},"modified":"2021-03-03T10:32:44","modified_gmt":"2021-03-03T13:32:44","slug":"todo-para-ellos-estamos-con-todos-los-servicios-en-marcha-gracias-a-dios","status":"publish","type":"post","link":"https:\/\/primicias2262.com\/noticias\/todo-para-ellos-estamos-con-todos-los-servicios-en-marcha-gracias-a-dios\/","title":{"rendered":"Todo para Ellos: \u201cEstamos con todos los servicios en marcha gracias a Dios\u201d"},"content":{"rendered":"<p><strong>As\u00ed lo destac\u00f3 la directora del Taller Protegido de Todo para Ellos, M\u00f3nica Pissarro, habida cuenta de la puesta en funcionamiento de dicho espacio con los protocolos del caso para que puedan trabajar los operarios, en simult\u00e1neo con el Centro de D\u00eda y el hogar de la instituci\u00f3n.<\/strong><\/p>\n<p>En nota con el preriodista Hugo Tomassini para el programa \u201cVoces e la Ciudad\u201d, Pissarro se\u00f1al\u00f3 que \u201cde a poco vamos dando algunos pasos adelante en este contexto de pandemia, logramos tener habilitados los protocolos para iniciar nuestras actividades desde octubre y trabajar en esta nueva normalidad implica todo un aprendizaje, afianzarnos en nuestros nuevos h\u00e1bitos de convivencia y cuidados\u201d.<\/p>\n<p><img loading=\"lazy\" decoding=\"async\" class=\"aligncenter size-full wp-image-73764\" src=\"https:\/\/primicias2262.com\/wp-content\/uploads\/2021\/03\/todo-para-ellos-taller2.jpg\" alt=\"\" width=\"1280\" height=\"720\" \/><\/p>\n<p>Como consecuencia de la pandemia el taller protegido estuvo 9 meses sin sus trabajadores, y en ese tiempo \u201cha sido much\u00edsimo el material de ac\u00famulo para el emprendimiento m\u00e1s importante que tiene el taller protegido, que es lo que se desarrolla en la planta de tratamiento de residuos s\u00f3lidos urbanos,\u201d, remarc\u00f3 la directora, y si bien la pandemia gener\u00f3 aislamiento y distanciamiento, \u201cla gente sigui\u00f3 consumiendo, separando el material y dej\u00e1ndolo en los puntos limpios. Tenemos un gran stock que hay que ir proces\u00e1ndolo\u201d, acot\u00f3.<\/p>\n<p>En ese marco, explic\u00f3 Pissarro que \u201ccon este reinicio lento de la actividad nos vamos acomodando y ordenando, y con el taller protegido estamos funcionando en nuestras dos sedes con dos peque\u00f1os grupos y las mini burbujas que funcionan en la calesita y en el carrusel de la Plaza San Mart\u00edn. Sentimos que si hacemos las cosas bien, el protocolo nos da seguridad para poder avanzar en este contexto, este 2021 es todo un desaf\u00edo\u201d.<\/p>\n<p><img loading=\"lazy\" decoding=\"async\" class=\"aligncenter size-full wp-image-73763\" src=\"https:\/\/primicias2262.com\/wp-content\/uploads\/2021\/03\/todo-para-ellos-taller.jpg\" alt=\"\" width=\"1280\" height=\"720\" \/><\/p>\n<p>Adem\u00e1s, asegur\u00f3 que \u201cpor otro lado estamos muy contentos porque estamos con la puesta a punto de las l\u00edneas de procesamiento del pl\u00e1stico, que nos permitir\u00e1 agregar un valor \u00a0tan ansiado para poder mejorar el est\u00edmulo econ\u00f3mico de nuestros trabajadores. Vamos ahora por la escama lavada y seca y en un futuro no muy lejano, si Dios quiere, a elaborar alg\u00fan producto de pl\u00e1stico en nuestra ciudad\u201d.<\/p>\n<p>En cuanto al Centro de D\u00eda, M\u00f3nica sintetiz\u00f3 que \u201cfueron aprobados los protocolos al mismo tiempo que el taller protegido y viene funcionando lentamente con este sistema de burbujas que comenzaron las escuelas, con grupos por semanas, y se han incorporado los beneficiarios que est\u00e1n en condiciones de hacerlo\u201d, es decir, \u00abquienes pueden respetar un protocolo y no son pacientes de riesgo, as\u00ed que el Centro de D\u00eda avanza como el taller protegido, mientras que el hogar nunca dej\u00f3 de funcionar como servicio esencial, estamos con todos los servicios en marcha gracias a Dios\u00bb.<\/p>\n<p><img loading=\"lazy\" decoding=\"async\" class=\"aligncenter size-full wp-image-73765\" src=\"https:\/\/primicias2262.com\/wp-content\/uploads\/2021\/03\/todo-para-ellos-taller3.jpg\" alt=\"\" width=\"1280\" height=\"720\" \/><\/p>\n","protected":false},"excerpt":{"rendered":"<p>As\u00ed lo destac\u00f3 la directora del Taller Protegido de Todo para Ellos, M\u00f3nica Pissarro, habida cuenta de la puesta en funcionamiento de dicho espacio con los protocolos del caso para que puedan trabajar los operarios, en simult\u00e1neo con el Centro de D\u00eda y el hogar de la instituci\u00f3n. En nota con el preriodista Hugo Tomassini [&hellip;]<\/p>\n","protected":false},"author":3,"featured_media":73722,"comment_status":"closed","ping_status":"closed","sticky":false,"template":"","format":"standard","meta":{"footnotes":""},"categories":[3],"tags":[],"class_list":{"0":"post-73721","1":"post","2":"type-post","3":"status-publish","4":"format-standard","5":"has-post-thumbnail","7":"category-masnoticias"},"_links":{"self":[{"href":"https:\/\/primicias2262.com\/noticias\/wp-json\/wp\/v2\/posts\/73721","targetHints":{"allow":["GET"]}}],"collection":[{"href":"https:\/\/primicias2262.com\/noticias\/wp-json\/wp\/v2\/posts"}],"about":[{"href":"https:\/\/primicias2262.com\/noticias\/wp-json\/wp\/v2\/types\/post"}],"author":[{"embeddable":true,"href":"https:\/\/primicias2262.com\/noticias\/wp-json\/wp\/v2\/users\/3"}],"replies":[{"embeddable":true,"href":"https:\/\/primicias2262.com\/noticias\/wp-json\/wp\/v2\/comments?post=73721"}],"version-history":[{"count":0,"href":"https:\/\/primicias2262.com\/noticias\/wp-json\/wp\/v2\/posts\/73721\/revisions"}],"wp:featuredmedia":[{"embeddable":true,"href":"https:\/\/primicias2262.com\/noticias\/wp-json\/"}],"wp:attachment":[{"href":"https:\/\/primicias2262.com\/noticias\/wp-json\/wp\/v2\/media?parent=73721"}],"wp:term":[{"taxonomy":"category","embeddable":true,"href":"https:\/\/primicias2262.com\/noticias\/wp-json\/wp\/v2\/categories?post=73721"},{"taxonomy":"post_tag","embeddable":true,"href":"https:\/\/primicias2262.com\/noticias\/wp-json\/wp\/v2\/tags?post=73721"}],"curies":[{"name":"wp","href":"https:\/\/api.w.org\/{rel}","templated":true}]}}