{"id":73728,"date":"2021-03-03T11:53:19","date_gmt":"2021-03-03T14:53:19","guid":{"rendered":"https:\/\/primicias2262.com\/?p=73728"},"modified":"2021-03-03T11:53:19","modified_gmt":"2021-03-03T14:53:19","slug":"fumigan-por-la-invasion-de-mosquitos-y-desde-bromatologia-avisan-para-que-esto-cese-necesitamos-que-baje-la-temperatura","status":"publish","type":"post","link":"https:\/\/primicias2262.com\/noticias\/fumigan-por-la-invasion-de-mosquitos-y-desde-bromatologia-avisan-para-que-esto-cese-necesitamos-que-baje-la-temperatura\/","title":{"rendered":"Fumigan por la invasi\u00f3n de mosquitos y desde Bromatolog\u00eda avisan: \u201cPara que esto cese necesitamos que baje la temperatura\u201d"},"content":{"rendered":"<p><strong>Desde el municipio se hace una fumigaci\u00f3n direccionada a espacios verdes y no una masiva, y se explic\u00f3 que ante la baja de la temperatura el mosquito muere.<\/strong><\/p>\n<p>La Direcci\u00f3n de Bromatolog\u00eda e Higiene, con la apoyatura de Polic\u00eda Ecol\u00f3gica, y por disposici\u00f3n del intendente Arturo Rojas, inici\u00f3 una intensa fumigaci\u00f3n dirigida puntualmente a espacios verdes contra la proliferaci\u00f3n de mosquitos que azota por estos d\u00edas a la Costa Atl\u00e1ntica en general, comenzado esta ma\u00f1ana por la Plaza Dardo Rocha.<\/p>\n<p>Al respecto, el responsable del \u00e1rea, Juan Betbeder, asegur\u00f3 que \u201cestamos ante una invasi\u00f3n de mosquitos y junto al Intendente y a la Secretaria de Salud (Ruth Kalle) decidimos hacer una fumigaci\u00f3n direccionada a espacios verdes y no una masiva\u201d para agregar que este aspecto \u201cestamos fumigando en todas las plazas y vamos a seguir por los vacunatorios y hospitales, y en todos aquellos lugares donde sabemos que no hay otros insectos\u201d.<\/p>\n<p>Con respecto a lo anterior, argument\u00f3 que \u201cconsultamos al Conicet y una fumigaci\u00f3n con todo ser\u00eda contraproducente porque mata abejas y otros animalitos que son ben\u00e9ficos incluso\u201d.<\/p>\n<p>\u201cEn general, en toda la costa, est\u00e1n igual que nosotros, y entendemos que la gente est\u00e9 molesta porque hay mucha cantidad\u201d manifest\u00f3 luego, al tiempo que advirti\u00f3 que \u201cno estamos ante el mosquito del dengue, eso lo descartamos de plano\u201d.<\/p>\n<p><strong>Y cerr\u00f3: \u201cPara que esto cese necesitamos que baje la temperatura, porque si eso sucede indefectiblemente el mosquito muere\u201d. <\/strong>Cabe aclarar que esta tarde y ma\u00f1ana incluso, siempre junto a Polic\u00eda Ecol\u00f3gica y Cient\u00edfica, continuar\u00e1n con esta tarea en las plazas de Necochea y Quequ\u00e9n.<\/p>\n<p><iframe loading=\"lazy\" title=\"Invasi\u00f3n de Mosquitos: el municipio libra una intensa batalla mediante fumigaci\u00f3n\" width=\"696\" height=\"392\" src=\"https:\/\/www.youtube.com\/embed\/DHMWjs6ft5Y?feature=oembed\" frameborder=\"0\" allow=\"accelerometer; autoplay; clipboard-write; encrypted-media; gyroscope; picture-in-picture\" allowfullscreen><\/iframe><\/p>\n","protected":false},"excerpt":{"rendered":"<p>Desde el municipio se hace una fumigaci\u00f3n direccionada a espacios verdes y no una masiva, y se explic\u00f3 que ante la baja de la temperatura el mosquito muere. La Direcci\u00f3n de Bromatolog\u00eda e Higiene, con la apoyatura de Polic\u00eda Ecol\u00f3gica, y por disposici\u00f3n del intendente Arturo Rojas, inici\u00f3 una intensa fumigaci\u00f3n dirigida puntualmente a espacios [&hellip;]<\/p>\n","protected":false},"author":3,"featured_media":73729,"comment_status":"closed","ping_status":"closed","sticky":false,"template":"","format":"standard","meta":{"footnotes":""},"categories":[3],"tags":[],"class_list":{"0":"post-73728","1":"post","2":"type-post","3":"status-publish","4":"format-standard","5":"has-post-thumbnail","7":"category-masnoticias"},"_links":{"self":[{"href":"https:\/\/primicias2262.com\/noticias\/wp-json\/wp\/v2\/posts\/73728","targetHints":{"allow":["GET"]}}],"collection":[{"href":"https:\/\/primicias2262.com\/noticias\/wp-json\/wp\/v2\/posts"}],"about":[{"href":"https:\/\/primicias2262.com\/noticias\/wp-json\/wp\/v2\/types\/post"}],"author":[{"embeddable":true,"href":"https:\/\/primicias2262.com\/noticias\/wp-json\/wp\/v2\/users\/3"}],"replies":[{"embeddable":true,"href":"https:\/\/primicias2262.com\/noticias\/wp-json\/wp\/v2\/comments?post=73728"}],"version-history":[{"count":0,"href":"https:\/\/primicias2262.com\/noticias\/wp-json\/wp\/v2\/posts\/73728\/revisions"}],"wp:featuredmedia":[{"embeddable":true,"href":"https:\/\/primicias2262.com\/noticias\/wp-json\/"}],"wp:attachment":[{"href":"https:\/\/primicias2262.com\/noticias\/wp-json\/wp\/v2\/media?parent=73728"}],"wp:term":[{"taxonomy":"category","embeddable":true,"href":"https:\/\/primicias2262.com\/noticias\/wp-json\/wp\/v2\/categories?post=73728"},{"taxonomy":"post_tag","embeddable":true,"href":"https:\/\/primicias2262.com\/noticias\/wp-json\/wp\/v2\/tags?post=73728"}],"curies":[{"name":"wp","href":"https:\/\/api.w.org\/{rel}","templated":true}]}}