{"id":73749,"date":"2021-03-03T15:24:43","date_gmt":"2021-03-03T18:24:43","guid":{"rendered":"https:\/\/primicias2262.com\/?p=73749"},"modified":"2021-03-03T15:24:43","modified_gmt":"2021-03-03T18:24:43","slug":"nunca-voy-a-renegar-de-que-vengo-del-peronismo-si-bien-con-el-kirchnerismo-y-los-sectores-mas-de-izquierda-tengo-muchas-diferencias","status":"publish","type":"post","link":"https:\/\/primicias2262.com\/noticias\/nunca-voy-a-renegar-de-que-vengo-del-peronismo-si-bien-con-el-kirchnerismo-y-los-sectores-mas-de-izquierda-tengo-muchas-diferencias\/","title":{"rendered":"Rojas defini\u00f3 a Nueva Necochea como una \u201cherramienta de independencia para discutir los temas locales\u201d"},"content":{"rendered":"<p><strong>En una jugosa charla con el periodista Jorge G\u00f3mez en el programa \u201cVoces de la Ciudad\u201d, que se emite por FM Vinilo 103.5, el intendente Arturo Rojas se refiri\u00f3 a varias cuestiones, entre ellas la pol\u00edtico partidaria, en la cual profundiz\u00f3 en la conformaci\u00f3n del espacio vecinal \u2018Nueva Necochea\u2019 y en la que dej\u00f3 bien en claro que proviene del peronismo y no tiene por qu\u00e9 ocultarlo. \u201cNecochea tiene un atraso tan fenomenal en t\u00e9rminos de obras, que necesit\u00e1bamos dejar por un tiempo la camiseta ideol\u00f3gica-partidaria (a nivel nacional) y ponernos la del distrito\u201d, argument\u00f3.<\/strong><\/p>\n<p>\u00bfQu\u00e9 es Nueva Necochea? Ese fue el primer interrogante para el jefe comunal, a lo que explic\u00f3 que \u201cya nos hemos conformado en t\u00e9rminos legales y estamos preparando un local para inaugurar la primera etapa este mes. Pretendemos que este partido pueda ser una s\u00edntesis de diferentes vecinos que se puedan sumar, queriendo ir hacia una Necochea de progreso y crecimiento. Por eso, m\u00e1s que preguntarle por una ideolog\u00eda o de qu\u00e9 espacio pol\u00edtico provienen, queremos saber hacia d\u00f3nde van y qu\u00e9 tienen para aportar\u201d.<\/p>\n<p>\u201cPara nosotros en campa\u00f1a, la Nueva Necochea significaba sumar a vecinos de diferentes espacios para formar en su momento la Lista de la Gente, muchos de ellos que se animaban a participar por primera vez en pol\u00edtica y yo hoy tengo funcionarios de todas las extracciones pol\u00edticas, a quien no se los elige por si son afiliados al radicalismo, kirchnerismo, peronismo o al PRO, o si vienen de sectores independientes, sino cu\u00e1l es su idoneidad para ocupar el cargo en el cual est\u00e1\u201d, agreg\u00f3.<\/p>\n<p>Bajo ese punto, Rojas argument\u00f3 que \u201cprecisamos sostener una herramienta electoral que en este caso es un partido para presentarse en una elecci\u00f3n, teniendo la independencia nosotros en nuestro distrito de poder discutir los temas locales, ya que muchas veces cuando llegan estas elecciones legislativas se da una polarizaci\u00f3n entre dos sectores con una discusi\u00f3n m\u00e1s a nivel nacional y provincial que local, y se terminan debatiendo ideolog\u00edas o temas de la televisi\u00f3n, y no se debate lo que realmente quiere el vecino\u201d.<\/p>\n<p>Es por ello, que enfatiz\u00f3 que \u201cNecochea tiene un atraso tan fenomenal en t\u00e9rminos de obras que necesit\u00e1bamos dejar por un tiempo la camiseta ideol\u00f3gica-partidaria y ponernos la del distrito para empezar a solucionar los problemas graves, y eso significa ir buscando consensos con los diferentes espacios pol\u00edticos. Por eso ahora queremos consolidar este partido que va a ser la herramienta electoral que nos va a dar la independencia para poder decidir de qu\u00e9 manera vamos a competir y qui\u00e9nes nos van a representar\u201d.<\/p>\n<p>En tanto, hizo un raconto de su camino pol\u00edtico y se\u00f1al\u00f3 que \u201cac\u00e1 vimos un cambio de lo que fue el Partido FE, desde su creaci\u00f3n con Ger\u00f3nimo Venegas, y no tengo por qu\u00e9 ocultarlo, en el caso personal provengo del peronismo\u201d, para agregar que con \u2018Nueva Necochea\u2019 \u201cvamos a decidir qu\u00e9 es lo mejor para el distrito de Necochea, y no que venga alguien que ni siquiera conozco, como muchos que ahora aparecen y poco han militado en el distrito de Necochea y que la gente ni los conoce. Pero no pretendo nombrarlos porque terminar\u00eda d\u00e1ndoles trascendencia a personas que no la tienen y que todav\u00eda tienen que caminar muchos a\u00f1os para que reci\u00e9n los empiecen a conocer en los barrios del distrito\u201d.<\/p>\n<p>A ello agreg\u00f3 que \u201cnunca voy a renegar de que vengo del peronismo, si bien con el kirchnerismo y los sectores m\u00e1s de izquierda tengo muchas diferencias en t\u00e9rminos pol\u00edticos partidarios, pero para m\u00ed el peronismo es mucho m\u00e1s amplio y no se basa s\u00f3lo en lo que significa La C\u00e1mpora y el kirchnerismo, pero esto no quita -y est\u00e1 pasando a nivel provincial- que haya diferentes sectores que convergen en un frente en el cual hay diferentes espacios y que yo como intendente tengo la obligaci\u00f3n de gestionar a nivel nacional y provincial, y de generar buenas relaciones, que las he tenido, las sigo teniendo y pretendo tenerlas, tanto con el gobernador, como con ministros a nivel nacional para seguir gestionando\u201d.<\/p>\n<p>En torno a este tema puntual de lo pol\u00edtico partidario, asever\u00f3 adem\u00e1s que \u201cla realidad es que nosotros conformamos este espacio pol\u00edtico, que es un espacio abierto, y en breve cuando abramos las puertas haremos una campa\u00f1a de afiliaci\u00f3n masiva, si bien tenemos afiliaciones de sobra, hay un mont\u00f3n de gente que nos plantea y vamos a esperar la apertura del local (59 y 52) para seguir haciendo. Por supuesto que es un camino dif\u00edcil y toda una definici\u00f3n en t\u00e9rminos pol\u00edticos conformar un espacio pol\u00edtico nuevo, plural, abierto, con principios y valores, y llevarlo a la cancha y transitar en una campa\u00f1a que muchas veces se termina nacionalizando, pero nosotros lo vamos a hacer\u201d.<\/p>\n<p>\u201cCreo que ha llegado el tiempo que la gente va madurando y ha podido saber diferenciar qu\u00e9 es lo que pasa a nivel local, y lo vimos en muchas elecciones, incluso en la \u00faltima, cuando mucha gente entendi\u00f3 que ven\u00edamos de uno de los peores gobiernos desde el retorno de la democracia y ten\u00edamos a Necochea sumida en una de las crisis m\u00e1s profunda en t\u00e9rminos econ\u00f3micos\u201d, agreg\u00f3.<\/p>\n<p>Finalmente, cuando fue consultado acerca de la posibilidad de ir en una boleta \u00fanica en las elecciones, se\u00f1al\u00f3 que \u201ces muy probable\u2026 hay que ver cu\u00e1l es el contexto electoral, todav\u00eda hay mucha incertidumbre\u201d, y asegur\u00f3 que en el contexto en el cual estamos habr\u00eda que evaluar si es necesario que se realicen las PASO.<\/p>\n","protected":false},"excerpt":{"rendered":"<p>En una jugosa charla con el periodista Jorge G\u00f3mez en el programa \u201cVoces de la Ciudad\u201d, que se emite por FM Vinilo 103.5, el intendente Arturo Rojas se refiri\u00f3 a varias cuestiones, entre ellas la pol\u00edtico partidaria, en la cual profundiz\u00f3 en la conformaci\u00f3n del espacio vecinal \u2018Nueva Necochea\u2019 y en la que dej\u00f3 bien [&hellip;]<\/p>\n","protected":false},"author":3,"featured_media":73754,"comment_status":"closed","ping_status":"closed","sticky":false,"template":"","format":"standard","meta":{"footnotes":""},"categories":[3],"tags":[],"class_list":{"0":"post-73749","1":"post","2":"type-post","3":"status-publish","4":"format-standard","5":"has-post-thumbnail","7":"category-masnoticias"},"_links":{"self":[{"href":"https:\/\/primicias2262.com\/noticias\/wp-json\/wp\/v2\/posts\/73749","targetHints":{"allow":["GET"]}}],"collection":[{"href":"https:\/\/primicias2262.com\/noticias\/wp-json\/wp\/v2\/posts"}],"about":[{"href":"https:\/\/primicias2262.com\/noticias\/wp-json\/wp\/v2\/types\/post"}],"author":[{"embeddable":true,"href":"https:\/\/primicias2262.com\/noticias\/wp-json\/wp\/v2\/users\/3"}],"replies":[{"embeddable":true,"href":"https:\/\/primicias2262.com\/noticias\/wp-json\/wp\/v2\/comments?post=73749"}],"version-history":[{"count":0,"href":"https:\/\/primicias2262.com\/noticias\/wp-json\/wp\/v2\/posts\/73749\/revisions"}],"wp:featuredmedia":[{"embeddable":true,"href":"https:\/\/primicias2262.com\/noticias\/wp-json\/"}],"wp:attachment":[{"href":"https:\/\/primicias2262.com\/noticias\/wp-json\/wp\/v2\/media?parent=73749"}],"wp:term":[{"taxonomy":"category","embeddable":true,"href":"https:\/\/primicias2262.com\/noticias\/wp-json\/wp\/v2\/categories?post=73749"},{"taxonomy":"post_tag","embeddable":true,"href":"https:\/\/primicias2262.com\/noticias\/wp-json\/wp\/v2\/tags?post=73749"}],"curies":[{"name":"wp","href":"https:\/\/api.w.org\/{rel}","templated":true}]}}