{"id":73759,"date":"2021-03-03T18:05:32","date_gmt":"2021-03-03T21:05:32","guid":{"rendered":"https:\/\/primicias2262.com\/?p=73759"},"modified":"2021-03-03T18:05:32","modified_gmt":"2021-03-03T21:05:32","slug":"cicop-candidata-opositora-niega-vinculacion-con-facundo-lopez","status":"publish","type":"post","link":"https:\/\/primicias2262.com\/noticias\/cicop-candidata-opositora-niega-vinculacion-con-facundo-lopez\/","title":{"rendered":"CICOP: candidata opositora niega vinculaci\u00f3n con Facundo L\u00f3pez"},"content":{"rendered":"<p><strong>A pesar de intentar desmentir sus vinculaciones pol\u00edticas con Facundo L\u00f3pez, Evangelina Almada, quien ocupa un lugar en la lista opositora que intentar\u00e1 quedarse con la conducci\u00f3n de la Asociaci\u00f3n de Profesionales de la Salud de Necochea (CICOP), se difundieron en las \u00faltimas horas \u2013a trav\u00e9s de las redes sociales- im\u00e1genes de la campa\u00f1a 2019 donde se la ve a la dirigente reunida con el ex intendente.<\/strong><\/p>\n<p>Cabe destacar que en ese momento los profesionales de la salud se hallaban realizando medidas de fuerza y movilizaciones para reclamar el pago en tiempo y forma de salarios, arancelamiento hospitalario y retroactivos adeudados por el\u00a0 entonces jefe comunal.<\/p>\n<p>Lo que se evidencia es el intento de L\u00f3pez de hacerse con uno de los sindicatos que m\u00e1s lo combati\u00f3 durante su gesti\u00f3n al frente del municipio de Necochea.<\/p>\n<p><img loading=\"lazy\" decoding=\"async\" class=\"aligncenter size-full wp-image-73761\" src=\"https:\/\/primicias2262.com\/wp-content\/uploads\/2021\/03\/lopez-almada2.jpg\" alt=\"\" width=\"940\" height=\"788\" \/><\/p>\n<p>Las vinculaciones de la candidata de la lista liderada por Juli\u00e1n Ruggiero parecen ser corroboradas a pesar de los intentos de desmentir dicha relaci\u00f3n. Ante la consulta a la actual Comisi\u00f3n Directiva de CICOP se\u00f1alaron que \u201cdesconoc\u00edan dicho material\u201d y que gener\u00f3 \u201csorpresa en muchos de los trabajadores\u201d.<\/p>\n<p>Las elecciones para la nueva comisi\u00f3n directiva se extender\u00e1n hasta el pr\u00f3ximo viernes de 9 a 12 horas en los Hospitales Ferreyra e Irurzun.<\/p>\n","protected":false},"excerpt":{"rendered":"<p>A pesar de intentar desmentir sus vinculaciones pol\u00edticas con Facundo L\u00f3pez, Evangelina Almada, quien ocupa un lugar en la lista opositora que intentar\u00e1 quedarse con la conducci\u00f3n de la Asociaci\u00f3n de Profesionales de la Salud de Necochea (CICOP), se difundieron en las \u00faltimas horas \u2013a trav\u00e9s de las redes sociales- im\u00e1genes de la campa\u00f1a 2019 [&hellip;]<\/p>\n","protected":false},"author":3,"featured_media":73760,"comment_status":"closed","ping_status":"closed","sticky":false,"template":"","format":"standard","meta":{"footnotes":""},"categories":[3],"tags":[],"class_list":{"0":"post-73759","1":"post","2":"type-post","3":"status-publish","4":"format-standard","5":"has-post-thumbnail","7":"category-masnoticias"},"_links":{"self":[{"href":"https:\/\/primicias2262.com\/noticias\/wp-json\/wp\/v2\/posts\/73759","targetHints":{"allow":["GET"]}}],"collection":[{"href":"https:\/\/primicias2262.com\/noticias\/wp-json\/wp\/v2\/posts"}],"about":[{"href":"https:\/\/primicias2262.com\/noticias\/wp-json\/wp\/v2\/types\/post"}],"author":[{"embeddable":true,"href":"https:\/\/primicias2262.com\/noticias\/wp-json\/wp\/v2\/users\/3"}],"replies":[{"embeddable":true,"href":"https:\/\/primicias2262.com\/noticias\/wp-json\/wp\/v2\/comments?post=73759"}],"version-history":[{"count":0,"href":"https:\/\/primicias2262.com\/noticias\/wp-json\/wp\/v2\/posts\/73759\/revisions"}],"wp:featuredmedia":[{"embeddable":true,"href":"https:\/\/primicias2262.com\/noticias\/wp-json\/"}],"wp:attachment":[{"href":"https:\/\/primicias2262.com\/noticias\/wp-json\/wp\/v2\/media?parent=73759"}],"wp:term":[{"taxonomy":"category","embeddable":true,"href":"https:\/\/primicias2262.com\/noticias\/wp-json\/wp\/v2\/categories?post=73759"},{"taxonomy":"post_tag","embeddable":true,"href":"https:\/\/primicias2262.com\/noticias\/wp-json\/wp\/v2\/tags?post=73759"}],"curies":[{"name":"wp","href":"https:\/\/api.w.org\/{rel}","templated":true}]}}