{"id":73781,"date":"2021-03-04T13:45:48","date_gmt":"2021-03-04T16:45:48","guid":{"rendered":"https:\/\/primicias2262.com\/?p=73781"},"modified":"2021-03-04T13:45:48","modified_gmt":"2021-03-04T16:45:48","slug":"llegaron-2400-vacunas-anti-covid-para-el-ambito-docente-y-personas-menores-de-59-anos-con-patologias","status":"publish","type":"post","link":"https:\/\/primicias2262.com\/noticias\/llegaron-2400-vacunas-anti-covid-para-el-ambito-docente-y-personas-menores-de-59-anos-con-patologias\/","title":{"rendered":"Llegaron 2400 vacunas anti COVID para el \u00e1mbito docente y personas menores de 59 a\u00f1os con patolog\u00edas"},"content":{"rendered":"<p><strong>\u201cVan llegando tandas de vacunas y creo que se van a vacunar todos, es una campa\u00f1a impresionante\u201d, afirm\u00f3 la directora de APS del municipio, Elsa N\u00fa\u00f1ez Alippi. El operativo de vacunaci\u00f3n se realiza en el Sindicato de Aceiteros.<\/strong><\/p>\n<p>Acerca de los operativos de vacunaci\u00f3n se refiri\u00f3 la directora de Atenci\u00f3n Primaria de la Salud, Elsa N\u00fa\u00f1ez Alippi, quien se\u00f1al\u00f3 que se recibieron 1200 dosis, m\u00e1s otra cantidad exacta para el gremio de docentes SADOP. EL vacunatorio es el Sindicato de Empleados Aceiteros de Quequ\u00e9n, ubicado en calle 548 N\u00ba 954.<\/p>\n<p>Por consiguiente, la ma\u00f1ana de \u201cVoces de la Ciudad\u201d en FM Vinilo 103.5, fue propicia para que el periodista Jorge G\u00f3mez dialogara con dicha funcionaria y con el titular de SADOP Necochea, Guillermo Fuentes, en ese orden. En primer t\u00e9rmino, N\u00fa\u00f1ez Alippi comunic\u00f3 que \u201ca partir de hoy ya tenemos asignados turnos, son 400 por d\u00eda en Aceiteros, destinadas para menores de 59 a\u00f1os, con patolog\u00edas, no para mayores\u201d.<\/p>\n<p><img loading=\"lazy\" decoding=\"async\" class=\"aligncenter size-full wp-image-73782\" src=\"https:\/\/primicias2262.com\/wp-content\/uploads\/2021\/03\/vacuna-aceiteros.jpeg\" alt=\"\" width=\"1280\" height=\"768\" \/><\/p>\n<p>La funcionaria municipal se\u00f1al\u00f3 que \u201clos primeros turnos son a las 9 de la ma\u00f1ana tambi\u00e9n para este viernes, s\u00e1bado y d\u00edas subsiguientes\u201d, y aclar\u00f3 que \u201cno hay feriados para la vacunaci\u00f3n\u201d<\/p>\n<p>En cuanto a la modalidad de comunicar los turnos, aclar\u00f3 que \u201ca partir de ahora se va a implementar el mensaje por WhatsApp para la gente, ya que el turno te llega por correo no deseado y hay que acordarse todos los d\u00edas de revisar. Recibimos todos los d\u00edas preguntas de gente que se quiere vacunar y siempre decimos que hay que esperar porque no lo podemos manejar nosotros, vamos viendo los turnos diarios y no tenemos programados a largo plazo, entonces hay que tener paciencia, van llegando tandas de vacunas y creo que se van a vacunar todos, es una campa\u00f1a impresionante\u201d.<\/p>\n<p>Respecto a vacunatorios a sumar, se\u00f1al\u00f3 que \u201ctenemos en aceiteros, algunos integrantes del personal de salud en la Escuela de Enfermer\u00eda y la semana que viene tendr\u00edamos dos lugares m\u00e1s, uno podr\u00eda ser el Centro de Acopiadores de Cereales en la Av. 59, ya vimos sus caracter\u00edsticas y estamos esperando que Regi\u00f3n Sanitaria nos d\u00e9 el ok, al igual que el CAPS Sudoeste que est\u00e1 en la Av. 58 y 81\u201d.<\/p>\n<p>Por su parte, el titular de SADOP Necochea, Guillermo Fuentes, inform\u00f3 tambi\u00e9n que \u201cayer recibimos una tanda de 1200 dosis de vacunas y algunos insumos que hac\u00edan falta para comenzar hoy la vacunaci\u00f3n a docentes y auxiliares en la sede de SADOP, en 62 entre 67 y 65\u201d.<\/p>\n<p>Sin embargo, tuvo que aclarar que \u201chubo un inconveniente en la asignaci\u00f3n de los turnos y por eso no difundimos previamente, pero todos los turnos de esta semana, inclusive s\u00e1bado y domingo, han sido derivados al punto de vacunaci\u00f3n que funciona en Aceiteros\u201d.<\/p>\n<p>A ello, acot\u00f3 que \u201cen el punto nuestro eran alrededor de 200 vacunas por d\u00eda, pero esta semana se va a sobrecargar el punto de vacunaci\u00f3n en Aceiteros y van a estar vacunando a 400 personas por d\u00eda, de las cuales 200 son docentes y auxiliares, hasta el martes, inclusive. A partir de all\u00ed, estar\u00e1 todo preparado para seguir en la sede nuestra, aunque si se da de manera din\u00e1mica lo del fin de semana quiz\u00e1 el lunes ya vacunemos en la sede\u201d.<\/p>\n","protected":false},"excerpt":{"rendered":"<p>\u201cVan llegando tandas de vacunas y creo que se van a vacunar todos, es una campa\u00f1a impresionante\u201d, afirm\u00f3 la directora de APS del municipio, Elsa N\u00fa\u00f1ez Alippi. El operativo de vacunaci\u00f3n se realiza en el Sindicato de Aceiteros. Acerca de los operativos de vacunaci\u00f3n se refiri\u00f3 la directora de Atenci\u00f3n Primaria de la Salud, Elsa [&hellip;]<\/p>\n","protected":false},"author":3,"featured_media":73783,"comment_status":"closed","ping_status":"closed","sticky":false,"template":"","format":"standard","meta":{"footnotes":""},"categories":[3],"tags":[],"class_list":{"0":"post-73781","1":"post","2":"type-post","3":"status-publish","4":"format-standard","5":"has-post-thumbnail","7":"category-masnoticias"},"_links":{"self":[{"href":"https:\/\/primicias2262.com\/noticias\/wp-json\/wp\/v2\/posts\/73781","targetHints":{"allow":["GET"]}}],"collection":[{"href":"https:\/\/primicias2262.com\/noticias\/wp-json\/wp\/v2\/posts"}],"about":[{"href":"https:\/\/primicias2262.com\/noticias\/wp-json\/wp\/v2\/types\/post"}],"author":[{"embeddable":true,"href":"https:\/\/primicias2262.com\/noticias\/wp-json\/wp\/v2\/users\/3"}],"replies":[{"embeddable":true,"href":"https:\/\/primicias2262.com\/noticias\/wp-json\/wp\/v2\/comments?post=73781"}],"version-history":[{"count":0,"href":"https:\/\/primicias2262.com\/noticias\/wp-json\/wp\/v2\/posts\/73781\/revisions"}],"wp:featuredmedia":[{"embeddable":true,"href":"https:\/\/primicias2262.com\/noticias\/wp-json\/"}],"wp:attachment":[{"href":"https:\/\/primicias2262.com\/noticias\/wp-json\/wp\/v2\/media?parent=73781"}],"wp:term":[{"taxonomy":"category","embeddable":true,"href":"https:\/\/primicias2262.com\/noticias\/wp-json\/wp\/v2\/categories?post=73781"},{"taxonomy":"post_tag","embeddable":true,"href":"https:\/\/primicias2262.com\/noticias\/wp-json\/wp\/v2\/tags?post=73781"}],"curies":[{"name":"wp","href":"https:\/\/api.w.org\/{rel}","templated":true}]}}