{"id":73791,"date":"2021-03-05T12:58:13","date_gmt":"2021-03-05T15:58:13","guid":{"rendered":"https:\/\/primicias2262.com\/?p=73791"},"modified":"2021-03-05T12:58:13","modified_gmt":"2021-03-05T15:58:13","slug":"el-consejo-escolar-trazo-un-buen-balance-del-inicio-del-ciclo-lectivo-y-avanza-en-obras-para-establecimientos","status":"publish","type":"post","link":"https:\/\/primicias2262.com\/noticias\/el-consejo-escolar-trazo-un-buen-balance-del-inicio-del-ciclo-lectivo-y-avanza-en-obras-para-establecimientos\/","title":{"rendered":"El Consejo Escolar traz\u00f3 un buen balance del inicio del ciclo lectivo y avanza en obras para establecimientos"},"content":{"rendered":"<p><strong>A trav\u00e9s de una nota realizada por el periodista Hugo Tomassini para el programa radial \u201cVoces de la Ciudad\u201d, el presidente del Consejo Escolar de Necochea, Juan de la Calle, se refiri\u00f3 al comienzo de las clases en primaria durante esta semana que est\u00e1 por concluir y tambi\u00e9n brind\u00f3 un panorama claro de las obras a desarrollar en escuelas y jardines con fondos de Provincia.<\/strong><\/p>\n<p>En primer t\u00e9rmino, coincidi\u00f3 con el jefe distrital de Educaci\u00f3n, Javier Ranaldi, en que \u201cen el orden general hemos tenido un buen comienzo de clases, con el inicio de la totalidad de las escuelas, cuando sabemos que hay un n\u00famero muy grande de escuelas en la provincia que no han podido comenzar por cuestiones edilicias, y ese no es el caso de Necochea, lo que marca que se ha venido haciendo un trabajo importante dentro de lasinstituciones\u201d.<\/p>\n<p>A\u00f1adi\u00f3 a ello que \u201ca principio de este a\u00f1o hemos trabajado para garantizar lo que marca el protocolo, que es b\u00e1sicamente los sanitarios y el agua corriente, y a partir de ah\u00ed es obvio que las escuelas han sufrido deterioro el a\u00f1o pasado que han estado cerradas, con bombas pegadas, filtraciones y dep\u00f3sitos de agua resecos, pero no son cuestiones graves y vamos trabajando en ellas para avanzar, y por ello el comienzo de ciclo lectivo ha sido normal\u201d.<\/p>\n<p>Por otra parte, respecto a obras a cristalizar en los establecimientos, inform\u00f3 que \u201ctenemos una serie de obras pedidas en Provincia, esto es un acuerdo que se firm\u00f3 entre gobernaci\u00f3n, intendencias y consejos escolares en el inicio de la gesti\u00f3n provincial. El a\u00f1o pasado recibimos la de la Escuela Especial N\u00ba 501, pero ten\u00edamos otras obras pedidas, como en el Colegio Nacional, que tiene una losa que hay impermeabilizar y que no entr\u00f3 en la obra grande que tuvo anteriormente\u201d.<\/p>\n<p>En virtud de ello, manifest\u00f3 de la Calle que \u201ca partir de este inicio de clases nosotros hemos estado gestionando con la Direcci\u00f3n provincial de Infraestructura Escolar y hace pocos d\u00edas nos confirmaron que algunas de estas obras pedidas ya estar\u00edan entrando en un programa especial de emergencia edilicia que hay por parte de Provincia para este 2021. Todav\u00eda no podemos saber en qu\u00e9 mes estar\u00edan llegando, pero dentro de esas obras tenemos la mencionada del colegio Nacional, un cambio de canaletas importante para el Jard\u00edn N\u00ba 911, la Secundaria N\u00ba 1 con problema de techos, la Primaria N\u00ba 27 donde hay que finalizar aulas que est\u00e1n sin terminar desde 2012, y la m\u00e1s importante de todas que le hemos dado la prioridad, que es la Secundaria N\u00ba 5 del Barrio 9 de Julio, que tiene espacios que van a ser clausurados por el arquitecto del Consejo Escolar\u201d.<\/p>\n<p>\u201cSon alrededor de ocho escuelas que necesitan estas obras muy necesarias, y si dejamos pasar este a\u00f1o va a ver mucho deterioro y se van a incrementar los montos porque va a haber que solucionar otros problemas como consecuencia de la falta de obras\u201d, complement\u00f3.<\/p>\n","protected":false},"excerpt":{"rendered":"<p>A trav\u00e9s de una nota realizada por el periodista Hugo Tomassini para el programa radial \u201cVoces de la Ciudad\u201d, el presidente del Consejo Escolar de Necochea, Juan de la Calle, se refiri\u00f3 al comienzo de las clases en primaria durante esta semana que est\u00e1 por concluir y tambi\u00e9n brind\u00f3 un panorama claro de las obras [&hellip;]<\/p>\n","protected":false},"author":3,"featured_media":73540,"comment_status":"closed","ping_status":"closed","sticky":false,"template":"","format":"standard","meta":{"footnotes":""},"categories":[3],"tags":[],"class_list":{"0":"post-73791","1":"post","2":"type-post","3":"status-publish","4":"format-standard","5":"has-post-thumbnail","7":"category-masnoticias"},"_links":{"self":[{"href":"https:\/\/primicias2262.com\/noticias\/wp-json\/wp\/v2\/posts\/73791","targetHints":{"allow":["GET"]}}],"collection":[{"href":"https:\/\/primicias2262.com\/noticias\/wp-json\/wp\/v2\/posts"}],"about":[{"href":"https:\/\/primicias2262.com\/noticias\/wp-json\/wp\/v2\/types\/post"}],"author":[{"embeddable":true,"href":"https:\/\/primicias2262.com\/noticias\/wp-json\/wp\/v2\/users\/3"}],"replies":[{"embeddable":true,"href":"https:\/\/primicias2262.com\/noticias\/wp-json\/wp\/v2\/comments?post=73791"}],"version-history":[{"count":0,"href":"https:\/\/primicias2262.com\/noticias\/wp-json\/wp\/v2\/posts\/73791\/revisions"}],"wp:featuredmedia":[{"embeddable":true,"href":"https:\/\/primicias2262.com\/noticias\/wp-json\/"}],"wp:attachment":[{"href":"https:\/\/primicias2262.com\/noticias\/wp-json\/wp\/v2\/media?parent=73791"}],"wp:term":[{"taxonomy":"category","embeddable":true,"href":"https:\/\/primicias2262.com\/noticias\/wp-json\/wp\/v2\/categories?post=73791"},{"taxonomy":"post_tag","embeddable":true,"href":"https:\/\/primicias2262.com\/noticias\/wp-json\/wp\/v2\/tags?post=73791"}],"curies":[{"name":"wp","href":"https:\/\/api.w.org\/{rel}","templated":true}]}}