{"id":73820,"date":"2021-03-06T14:22:58","date_gmt":"2021-03-06T17:22:58","guid":{"rendered":"https:\/\/primicias2262.com\/?p=73820"},"modified":"2021-03-06T14:22:58","modified_gmt":"2021-03-06T17:22:58","slug":"sacaron-de-circulacion-a-un-remis-por-un-problema-en-el-vidrio-delantero","status":"publish","type":"post","link":"https:\/\/primicias2262.com\/noticias\/sacaron-de-circulacion-a-un-remis-por-un-problema-en-el-vidrio-delantero\/","title":{"rendered":"Sacaron de circulaci\u00f3n a un rem\u00eds por un problema en el vidrio delantero"},"content":{"rendered":"<p><strong>Fue durante un operativo realizado en la tarde del viernes por la Direcci\u00f3n de Transporte del municipio en la Diagonal San Mart\u00edn y otros puntos de la ciudad.<\/strong><\/p>\n<p>En la jornada de ayer, la Direcci\u00f3n de Transporte de la Municipalidad, a cargo de Jimena Ruiz, continu\u00f3 con los controles a remises de nuestra ciudad en diferentes puntos de Necochea, en el marco de los operativos dispuestos por la Secretar\u00eda de Gobierno.<\/p>\n<p>En tal sentido, Ruiz inform\u00f3 que \u201clos operativos fueron realizados en las principales arterias de la ciudad\u201d, con el objetivo puesto \u201cen verificar que todos los automotores est\u00e9n habilitados por nuestra dependencia, tal como ordena la reglamentaci\u00f3n vigente\u201d.<\/p>\n<p>Continuando con su alocuci\u00f3n, explic\u00f3 que \u201cdebimos sacar de circulaci\u00f3n un remis debido a un problema en el vidrio delantero\u201d, al tiempo que apunt\u00f3 que \u201cse realizaron varias infracciones por la falta de incorporaci\u00f3n de algunos choferes\u201d.<\/p>\n<p>\u201cAdem\u00e1s, realizamos algunas intimaciones\u00a0 con el objetivo de que en los pr\u00f3ximos d\u00edas puedan cumplimentar la documentaci\u00f3n necesaria para continuar trabajando\u201d, cerr\u00f3 Ruiz.<\/p>\n","protected":false},"excerpt":{"rendered":"<p>Fue durante un operativo realizado en la tarde del viernes por la Direcci\u00f3n de Transporte del municipio en la Diagonal San Mart\u00edn y otros puntos de la ciudad. En la jornada de ayer, la Direcci\u00f3n de Transporte de la Municipalidad, a cargo de Jimena Ruiz, continu\u00f3 con los controles a remises de nuestra ciudad en [&hellip;]<\/p>\n","protected":false},"author":3,"featured_media":73821,"comment_status":"closed","ping_status":"closed","sticky":false,"template":"","format":"standard","meta":{"footnotes":""},"categories":[3],"tags":[],"class_list":{"0":"post-73820","1":"post","2":"type-post","3":"status-publish","4":"format-standard","5":"has-post-thumbnail","7":"category-masnoticias"},"_links":{"self":[{"href":"https:\/\/primicias2262.com\/noticias\/wp-json\/wp\/v2\/posts\/73820","targetHints":{"allow":["GET"]}}],"collection":[{"href":"https:\/\/primicias2262.com\/noticias\/wp-json\/wp\/v2\/posts"}],"about":[{"href":"https:\/\/primicias2262.com\/noticias\/wp-json\/wp\/v2\/types\/post"}],"author":[{"embeddable":true,"href":"https:\/\/primicias2262.com\/noticias\/wp-json\/wp\/v2\/users\/3"}],"replies":[{"embeddable":true,"href":"https:\/\/primicias2262.com\/noticias\/wp-json\/wp\/v2\/comments?post=73820"}],"version-history":[{"count":0,"href":"https:\/\/primicias2262.com\/noticias\/wp-json\/wp\/v2\/posts\/73820\/revisions"}],"wp:featuredmedia":[{"embeddable":true,"href":"https:\/\/primicias2262.com\/noticias\/wp-json\/"}],"wp:attachment":[{"href":"https:\/\/primicias2262.com\/noticias\/wp-json\/wp\/v2\/media?parent=73820"}],"wp:term":[{"taxonomy":"category","embeddable":true,"href":"https:\/\/primicias2262.com\/noticias\/wp-json\/wp\/v2\/categories?post=73820"},{"taxonomy":"post_tag","embeddable":true,"href":"https:\/\/primicias2262.com\/noticias\/wp-json\/wp\/v2\/tags?post=73820"}],"curies":[{"name":"wp","href":"https:\/\/api.w.org\/{rel}","templated":true}]}}