{"id":73839,"date":"2021-03-06T15:30:52","date_gmt":"2021-03-06T18:30:52","guid":{"rendered":"https:\/\/primicias2262.com\/?p=73839"},"modified":"2021-03-06T15:30:52","modified_gmt":"2021-03-06T18:30:52","slug":"brindaran-una-charla-en-el-hcd-por-el-proyecto-eslabon-perdido","status":"publish","type":"post","link":"https:\/\/primicias2262.com\/noticias\/brindaran-una-charla-en-el-hcd-por-el-proyecto-eslabon-perdido\/","title":{"rendered":"Brindar\u00e1n una charla en el HCD por el Proyecto &#8216;Eslab\u00f3n Perdido&#8217;"},"content":{"rendered":"<div>En el\u00a0marco del Proyecto de Investigaci\u00f3n denominado Eslab\u00f3n Perdido.<\/div>\n<div>Desde la Asociaci\u00f3n de Amigos del Museo y Archivo Hist\u00f3rico de Necochea, y desde el grupo de investigadores de Eslab\u00f3n Perdido, se invita a la comunidad a participar de la charla que brindar\u00e1 uno de sus integrantes, el Ing. Hern\u00e1n Sotero Gonz\u00e1lez,<strong> el d\u00eda 22 de Marzo a las 19 Hs., en el sal\u00f3n del Honorable Concejo Deliberante de Necochea.<\/strong><\/div>\n<div><\/div>\n<div>En esa oportunidad, informaron que \u00abHern\u00e1n expondr\u00e1 sobre el proyecto en s\u00ed, donde se investiga la procedencia e historia de dos palas de tim\u00f3n que se encuentran en la playa de Arenas Verdes, en el partido de Lober\u00eda. Tambi\u00e9n brindar\u00e1 un an\u00e1lisis t\u00e9cnico sobre a que podr\u00edan corresponder las mismas\u00bb.<\/div>\n<div><\/div>\n<div>A su finalizaci\u00f3n, se abrir\u00e1 una rueda de preguntas que pudieran surgir.<\/div>\n<div><\/div>\n<div>En tanto, se sugiri\u00f3 a vecinos de cara a la fecha del evento que \u00abvean con tiempo ante las autoridades del HCD la capacidad de la sala, debido a que por las restricciones que impone la Pandemia por Covid 19, la misma se encuentra reducida en su ocupaci\u00f3n. Se transmitir\u00e1 la charla por el canal de TV del HCD\u00bb.<\/div>\n","protected":false},"excerpt":{"rendered":"<p>En el\u00a0marco del Proyecto de Investigaci\u00f3n denominado Eslab\u00f3n Perdido. Desde la Asociaci\u00f3n de Amigos del Museo y Archivo Hist\u00f3rico de Necochea, y desde el grupo de investigadores de Eslab\u00f3n Perdido, se invita a la comunidad a participar de la charla que brindar\u00e1 uno de sus integrantes, el Ing. Hern\u00e1n Sotero Gonz\u00e1lez, el d\u00eda 22 de [&hellip;]<\/p>\n","protected":false},"author":3,"featured_media":73840,"comment_status":"closed","ping_status":"closed","sticky":false,"template":"","format":"standard","meta":{"footnotes":""},"categories":[3],"tags":[],"class_list":{"0":"post-73839","1":"post","2":"type-post","3":"status-publish","4":"format-standard","5":"has-post-thumbnail","7":"category-masnoticias"},"_links":{"self":[{"href":"https:\/\/primicias2262.com\/noticias\/wp-json\/wp\/v2\/posts\/73839","targetHints":{"allow":["GET"]}}],"collection":[{"href":"https:\/\/primicias2262.com\/noticias\/wp-json\/wp\/v2\/posts"}],"about":[{"href":"https:\/\/primicias2262.com\/noticias\/wp-json\/wp\/v2\/types\/post"}],"author":[{"embeddable":true,"href":"https:\/\/primicias2262.com\/noticias\/wp-json\/wp\/v2\/users\/3"}],"replies":[{"embeddable":true,"href":"https:\/\/primicias2262.com\/noticias\/wp-json\/wp\/v2\/comments?post=73839"}],"version-history":[{"count":0,"href":"https:\/\/primicias2262.com\/noticias\/wp-json\/wp\/v2\/posts\/73839\/revisions"}],"wp:featuredmedia":[{"embeddable":true,"href":"https:\/\/primicias2262.com\/noticias\/wp-json\/"}],"wp:attachment":[{"href":"https:\/\/primicias2262.com\/noticias\/wp-json\/wp\/v2\/media?parent=73839"}],"wp:term":[{"taxonomy":"category","embeddable":true,"href":"https:\/\/primicias2262.com\/noticias\/wp-json\/wp\/v2\/categories?post=73839"},{"taxonomy":"post_tag","embeddable":true,"href":"https:\/\/primicias2262.com\/noticias\/wp-json\/wp\/v2\/tags?post=73839"}],"curies":[{"name":"wp","href":"https:\/\/api.w.org\/{rel}","templated":true}]}}