{"id":73855,"date":"2021-03-08T09:55:23","date_gmt":"2021-03-08T12:55:23","guid":{"rendered":"https:\/\/primicias2262.com\/?p=73855"},"modified":"2021-03-08T09:55:23","modified_gmt":"2021-03-08T12:55:23","slug":"a-partir-de-este-lunes-la-recoleccion-de-residuos-vuelve-al-horario-de-invierno","status":"publish","type":"post","link":"https:\/\/primicias2262.com\/noticias\/a-partir-de-este-lunes-la-recoleccion-de-residuos-vuelve-al-horario-de-invierno\/","title":{"rendered":"A partir de este lunes la recolecci\u00f3n de residuos vuelve al horario de invierno"},"content":{"rendered":"<p><strong>A trav\u00e9s de una placa, el Municipio de Necochea inform\u00f3 que el servicio de recolecci\u00f3n de residuos retoma el horario de invierno desde este lunes 8 de marzo.<\/strong><\/p>\n<p>De tal manera, la recolecci\u00f3n diurna vuelve a ser a partir de las 8 de la ma\u00f1ana, mientras que la nocturna volver\u00e1 al punto horario de las 20.<\/p>\n<p><img loading=\"lazy\" decoding=\"async\" class=\"aligncenter size-full wp-image-73856\" src=\"https:\/\/primicias2262.com\/wp-content\/uploads\/2021\/03\/recoleccion-placa.jpeg\" alt=\"\" width=\"1280\" height=\"1280\" \/><\/p>\n<p>Durante la etapa estival, los horarios eran a partir de las 7 y las 21 hs.<\/p>\n","protected":false},"excerpt":{"rendered":"<p>A trav\u00e9s de una placa, el Municipio de Necochea inform\u00f3 que el servicio de recolecci\u00f3n de residuos retoma el horario de invierno desde este lunes 8 de marzo. De tal manera, la recolecci\u00f3n diurna vuelve a ser a partir de las 8 de la ma\u00f1ana, mientras que la nocturna volver\u00e1 al punto horario de las [&hellip;]<\/p>\n","protected":false},"author":3,"featured_media":73164,"comment_status":"closed","ping_status":"closed","sticky":false,"template":"","format":"standard","meta":{"footnotes":""},"categories":[3],"tags":[],"class_list":{"0":"post-73855","1":"post","2":"type-post","3":"status-publish","4":"format-standard","5":"has-post-thumbnail","7":"category-masnoticias"},"_links":{"self":[{"href":"https:\/\/primicias2262.com\/noticias\/wp-json\/wp\/v2\/posts\/73855","targetHints":{"allow":["GET"]}}],"collection":[{"href":"https:\/\/primicias2262.com\/noticias\/wp-json\/wp\/v2\/posts"}],"about":[{"href":"https:\/\/primicias2262.com\/noticias\/wp-json\/wp\/v2\/types\/post"}],"author":[{"embeddable":true,"href":"https:\/\/primicias2262.com\/noticias\/wp-json\/wp\/v2\/users\/3"}],"replies":[{"embeddable":true,"href":"https:\/\/primicias2262.com\/noticias\/wp-json\/wp\/v2\/comments?post=73855"}],"version-history":[{"count":0,"href":"https:\/\/primicias2262.com\/noticias\/wp-json\/wp\/v2\/posts\/73855\/revisions"}],"wp:featuredmedia":[{"embeddable":true,"href":"https:\/\/primicias2262.com\/noticias\/wp-json\/"}],"wp:attachment":[{"href":"https:\/\/primicias2262.com\/noticias\/wp-json\/wp\/v2\/media?parent=73855"}],"wp:term":[{"taxonomy":"category","embeddable":true,"href":"https:\/\/primicias2262.com\/noticias\/wp-json\/wp\/v2\/categories?post=73855"},{"taxonomy":"post_tag","embeddable":true,"href":"https:\/\/primicias2262.com\/noticias\/wp-json\/wp\/v2\/tags?post=73855"}],"curies":[{"name":"wp","href":"https:\/\/api.w.org\/{rel}","templated":true}]}}