{"id":73858,"date":"2021-03-08T10:12:28","date_gmt":"2021-03-08T13:12:28","guid":{"rendered":"https:\/\/primicias2262.com\/?p=73858"},"modified":"2021-03-08T10:12:28","modified_gmt":"2021-03-08T13:12:28","slug":"zumarraga-se-refirio-a-los-convenios-por-panales-y-medicamentos-para-jubilados","status":"publish","type":"post","link":"https:\/\/primicias2262.com\/noticias\/zumarraga-se-refirio-a-los-convenios-por-panales-y-medicamentos-para-jubilados\/","title":{"rendered":"Zum\u00e1rraga se refiri\u00f3 a los convenios por pa\u00f1ales y medicamentos para jubilados\u00a0"},"content":{"rendered":"<p><strong>Mart\u00edn Zum\u00e1rraga, del Colegio de Farmac\u00e9uticos local, dialog\u00f3 con el periodista Hugo Tomassini para el programa \u201cVoces de la Ciudad\u201d, nota en la que se explay\u00f3 sobre varias cuestiones, por ejemplo los convenios de pa\u00f1ales y medicamentos para afiliados de PAMI y el presente de la obra social Incluir Salud (exProfe).<\/strong><\/p>\n<p>Respecto al vencimiento a mitad de mes de los convenios por pa\u00f1ales y a fin de mes por medicamentos por PAMI, el profesional apunt\u00f3 que \u201ceste 11 de marzo se vence el convenio de pa\u00f1ales, y todos los a\u00f1os tenemos esa lucha de las negociaciones que hace que tanto los farmac\u00e9uticos como los jubilados tengamos la misma incertidumbre\u201d.<\/p>\n<p>\u201cArriba se re\u00fanen y negocian\u201d, se\u00f1al\u00f3, aunque desliz\u00f3 que \u201csabemos que generalmente hemos llegado a continuar atendiendo, pero todos los a\u00f1os va a pasar lo mismo con el tema de la incertidumbre. Mi deseo es poder seguir dispensando los pa\u00f1ales como lo venimos haciendo hace muchos a\u00f1os, porque ha dado muy buen resultado y hemos dado buena respuesta\u201d.<\/p>\n<p><img loading=\"lazy\" decoding=\"async\" class=\"alignleft size-medium wp-image-73735\" src=\"https:\/\/primicias2262.com\/wp-content\/uploads\/2021\/03\/martin-zumarraga-2-218x300.jpg\" alt=\"\" width=\"218\" height=\"300\" \/><\/p>\n<p>En cuanto a medicamentos, \u201cel convenio se vence el 31 de marzo y la negociaci\u00f3n est\u00e1 en el precio p\u00fablico de un medicamento y el precio p\u00fablico que tiene PAMI, que en estos momentos hay mucha diferencia, est\u00e1 muy desactualizado por el lado de PAMI, y eso hace que tanto las farmacias como los laboratorios estemos aportando para que podamos recibir el pago que corresponde\u201d, especific\u00f3.<\/p>\n<p><strong>Incluir Salud<\/strong><\/p>\n<p>Respecto al problema con Incluir Salud, que es el exProfe, \u201ces que desde diciembre de 2019 con el actual gobierno empezaron a regularizar los pagos (los fondos son girados por el Ministerio de Salud a las provincias para el Incluir Salud), y el tema es que qued\u00f3 una deuda pendiente de 12 meses de la que nadie se hace cargo porque es de la gesti\u00f3n anterior, pero la deuda es de una instituci\u00f3n, que es el Ministerio de Salud de la Naci\u00f3n, que sigue teniendo la misma deuda\u201d, puntualiz\u00f3 Zum\u00e1rraga.<\/p>\n<p>Por tal motivo, expres\u00f3 que \u201clamentablemente no pudimos seguir atendiendo porque no pudimos reponer la mercader\u00eda porque estamos con una deuda que venimos arrastrando, y cuando decidimos cortar el a\u00f1o pasado ya ten\u00edamos 12 meses de deuda\u201d.<\/p>\n<p>\u201cNosotros nos solidariz\u00e1bamos con la gente de Incluir Salud porque por lo general es gente que tiene muy pocas posibilidades de acceder al medicamento, les es muy dif\u00edcil y tienen que recurrir a alguna salita o al hospital o alguna farmacia, y no tiene los recursos necesarios para tener acceso, por eso lo ven\u00edamos aguantando hasta que dijimos no se puede m\u00e1s, pero pas\u00f3 en toda la provincia, no s\u00f3lo en Necochea\u201d, a\u00f1adi\u00f3.<\/p>\n<p>Por ello, aclar\u00f3 que \u201cahora estamos a la espera, cuando esta deuda hist\u00f3rica quede saldada se ver\u00e1 c\u00f3mo podemos hacer para tener un convenio que beneficie a todas las partes, fundamentalmente a la persona que accede al medicamento, queremos que accedan al medicamento la mayor cantidad de personas posible\u201d.<\/p>\n","protected":false},"excerpt":{"rendered":"<p>Mart\u00edn Zum\u00e1rraga, del Colegio de Farmac\u00e9uticos local, dialog\u00f3 con el periodista Hugo Tomassini para el programa \u201cVoces de la Ciudad\u201d, nota en la que se explay\u00f3 sobre varias cuestiones, por ejemplo los convenios de pa\u00f1ales y medicamentos para afiliados de PAMI y el presente de la obra social Incluir Salud (exProfe). Respecto al vencimiento a [&hellip;]<\/p>\n","protected":false},"author":3,"featured_media":73859,"comment_status":"closed","ping_status":"closed","sticky":false,"template":"","format":"standard","meta":{"footnotes":""},"categories":[3],"tags":[],"class_list":{"0":"post-73858","1":"post","2":"type-post","3":"status-publish","4":"format-standard","5":"has-post-thumbnail","7":"category-masnoticias"},"_links":{"self":[{"href":"https:\/\/primicias2262.com\/noticias\/wp-json\/wp\/v2\/posts\/73858","targetHints":{"allow":["GET"]}}],"collection":[{"href":"https:\/\/primicias2262.com\/noticias\/wp-json\/wp\/v2\/posts"}],"about":[{"href":"https:\/\/primicias2262.com\/noticias\/wp-json\/wp\/v2\/types\/post"}],"author":[{"embeddable":true,"href":"https:\/\/primicias2262.com\/noticias\/wp-json\/wp\/v2\/users\/3"}],"replies":[{"embeddable":true,"href":"https:\/\/primicias2262.com\/noticias\/wp-json\/wp\/v2\/comments?post=73858"}],"version-history":[{"count":0,"href":"https:\/\/primicias2262.com\/noticias\/wp-json\/wp\/v2\/posts\/73858\/revisions"}],"wp:featuredmedia":[{"embeddable":true,"href":"https:\/\/primicias2262.com\/noticias\/wp-json\/"}],"wp:attachment":[{"href":"https:\/\/primicias2262.com\/noticias\/wp-json\/wp\/v2\/media?parent=73858"}],"wp:term":[{"taxonomy":"category","embeddable":true,"href":"https:\/\/primicias2262.com\/noticias\/wp-json\/wp\/v2\/categories?post=73858"},{"taxonomy":"post_tag","embeddable":true,"href":"https:\/\/primicias2262.com\/noticias\/wp-json\/wp\/v2\/tags?post=73858"}],"curies":[{"name":"wp","href":"https:\/\/api.w.org\/{rel}","templated":true}]}}