{"id":73866,"date":"2021-03-08T10:27:47","date_gmt":"2021-03-08T13:27:47","guid":{"rendered":"https:\/\/primicias2262.com\/?p=73866"},"modified":"2021-03-08T10:27:47","modified_gmt":"2021-03-08T13:27:47","slug":"sin-comedores-escolares-por-el-momento-el-consejo-escolar-seguira-entregando-modulos-alimentarios","status":"publish","type":"post","link":"https:\/\/primicias2262.com\/noticias\/sin-comedores-escolares-por-el-momento-el-consejo-escolar-seguira-entregando-modulos-alimentarios\/","title":{"rendered":"Sin comedores escolares por el momento, el Consejo Escolar seguir\u00e1 entregando m\u00f3dulos alimentarios"},"content":{"rendered":"<p><strong>As\u00ed lo inform\u00f3 el titular del Consejo Escolar de Necochea, Juan de la Calle, tras una nota realizada por el periodista Hugo Tomassini para el programa \u201cVoces de la Ciudad\u201d.<\/strong><\/p>\n<p>\u201cComo m\u00ednimo hasta vacaciones de invierno no funcionar\u00e1n los comedores, por lo que seguir\u00e1 la entrega de los m\u00f3dulos alimentarios\u201d, fueron las palabras de Juan de la Calle al ser consultado al respecto.<\/p>\n<p>El presidente del Consejo Escolar destac\u00f3 que el comienzo del ciclo lectivo hab\u00eda sido positivo en l\u00edneas generales, pero a su vez hizo la aclaraci\u00f3n que \u201clas escuelas de jornada completa est\u00e1n funcionando sin comedor y est\u00e1n utilizando un formato particular de acuerdo a sus dimensiones, ya sea por una cuesti\u00f3n edilicia y matr\u00edcula de alumnos, que ha hecho que cada director haya tenido que adaptar sus protocolos y como m\u00ednimo hasta vacaciones de invierno no funcionar\u00e1n los comedores\u201d.<\/p>\n<p>En tanto, no s\u00f3lo asegur\u00f3 que seguir\u00e1 la entrega de los m\u00f3dulos alimentarios para las familias, sino que adelant\u00f3 que \u201cestamos gestionando con la gente de Desarrollo Social de Provincia la entrega de una colaci\u00f3n o desayuno apuntado a nivel inicial o primario, que sabemos que hay muchos chicos que est\u00e1n varias horas en la escuela y en varios casos necesitan alimentarse para rendir mucho mejor en la instituci\u00f3n\u201d.<\/p>\n","protected":false},"excerpt":{"rendered":"<p>As\u00ed lo inform\u00f3 el titular del Consejo Escolar de Necochea, Juan de la Calle, tras una nota realizada por el periodista Hugo Tomassini para el programa \u201cVoces de la Ciudad\u201d. \u201cComo m\u00ednimo hasta vacaciones de invierno no funcionar\u00e1n los comedores, por lo que seguir\u00e1 la entrega de los m\u00f3dulos alimentarios\u201d, fueron las palabras de Juan [&hellip;]<\/p>\n","protected":false},"author":3,"featured_media":73867,"comment_status":"closed","ping_status":"closed","sticky":false,"template":"","format":"standard","meta":{"footnotes":""},"categories":[3],"tags":[],"class_list":{"0":"post-73866","1":"post","2":"type-post","3":"status-publish","4":"format-standard","5":"has-post-thumbnail","7":"category-masnoticias"},"_links":{"self":[{"href":"https:\/\/primicias2262.com\/noticias\/wp-json\/wp\/v2\/posts\/73866","targetHints":{"allow":["GET"]}}],"collection":[{"href":"https:\/\/primicias2262.com\/noticias\/wp-json\/wp\/v2\/posts"}],"about":[{"href":"https:\/\/primicias2262.com\/noticias\/wp-json\/wp\/v2\/types\/post"}],"author":[{"embeddable":true,"href":"https:\/\/primicias2262.com\/noticias\/wp-json\/wp\/v2\/users\/3"}],"replies":[{"embeddable":true,"href":"https:\/\/primicias2262.com\/noticias\/wp-json\/wp\/v2\/comments?post=73866"}],"version-history":[{"count":0,"href":"https:\/\/primicias2262.com\/noticias\/wp-json\/wp\/v2\/posts\/73866\/revisions"}],"wp:featuredmedia":[{"embeddable":true,"href":"https:\/\/primicias2262.com\/noticias\/wp-json\/"}],"wp:attachment":[{"href":"https:\/\/primicias2262.com\/noticias\/wp-json\/wp\/v2\/media?parent=73866"}],"wp:term":[{"taxonomy":"category","embeddable":true,"href":"https:\/\/primicias2262.com\/noticias\/wp-json\/wp\/v2\/categories?post=73866"},{"taxonomy":"post_tag","embeddable":true,"href":"https:\/\/primicias2262.com\/noticias\/wp-json\/wp\/v2\/tags?post=73866"}],"curies":[{"name":"wp","href":"https:\/\/api.w.org\/{rel}","templated":true}]}}