{"id":73869,"date":"2021-03-08T10:44:20","date_gmt":"2021-03-08T13:44:20","guid":{"rendered":"https:\/\/primicias2262.com\/?p=73869"},"modified":"2021-03-08T10:44:20","modified_gmt":"2021-03-08T13:44:20","slug":"satisfaccion-de-arturo-rojas-tras-el-congreso-vecinalista","status":"publish","type":"post","link":"https:\/\/primicias2262.com\/noticias\/satisfaccion-de-arturo-rojas-tras-el-congreso-vecinalista\/","title":{"rendered":"Satisfacci\u00f3n de Arturo Rojas tras el congreso vecinalista"},"content":{"rendered":"<p><strong>Participaron representantes de 25 distritos. No descartan un frente electoral \u00a0<\/strong><\/p>\n<p>Arturo Rojas se manifest\u00f3 satisfecho por la convocatoria y el desarrollo del congreso vecinalista realizado este s\u00e1bado en Necochea, del que, como referente del flamante partido Nueva Necochea, fue el\u00a0 anfitri\u00f3n.<\/p>\n<p>El intendente de Necochea y otros dirigentes vecinalistas, tras el congreso ofrecieron una conferencia de prensa, en la que no descartaron la posibilidad de competir m\u00e1s all\u00e1 de las fronteras de sus municipios, con la pretensi\u00f3n de tener representaci\u00f3n en la Legislatura bonaerense.<\/p>\n<p><img loading=\"lazy\" decoding=\"async\" class=\"aligncenter size-full wp-image-73871\" src=\"https:\/\/primicias2262.com\/wp-content\/uploads\/2021\/03\/vecinalistas2.jpg\" alt=\"\" width=\"700\" height=\"333\" \/><\/p>\n<p>En tal sentido el necochense \u00a0sugiri\u00f3 la posibilidad de \u201cconformar una opci\u00f3n electoral que rompa lo tradicional y que permita mantener la agenda de los vecinos\u00bb\u00b4<\/p>\n<p>\u00abEl congreso fue sumamente exitoso me siento orgulloso de recibirlos y que se puede empezar a debatir y a transitar un camino donde en el transcurso del tiempo puedan converger diferentes espacios pol\u00edticos\u00bb, desliz\u00f3 Rojas en la apertura del encuentro, realizado en el sal\u00f3n de eventos Chez Guenon, con m\u00e1s de un centenar de participantes.<\/p>\n<p><strong>ASISTENTES<\/strong><\/p>\n<p>Entre otros, pudo observarse a los intendentes Carlos Bevilacqua (Villarino); Juan Miguel Nosetti (Salliquel\u00f3) y \u00a0Sergio Bordoni (Tornquist), adem\u00e1s de Rojas por Necochea. Concurireron los ex jefes comunales Gustavo Pulti (General Pueyrred\u00f3n) y Marcelo Skansi (Carmen de Areco); adem\u00e1s de los dirigentes Marcelo Fern\u00e1ndez (presidente de la Junta Promotora Vecinalista) y Juan del Oso (Uni\u00f3n por Todos).<\/p>\n<p>Rojas destac\u00f3 que \u201chubo diferentes agrupaciones, partidos pol\u00edticos, intendentes, ex intendentes, dirigentes, legisladores de m\u00e1s de 25 municipios de la Provincia de Buenos Aires donde la gran mayor\u00eda tienen que ver con una conformaci\u00f3n vecinalista y en ese sentido tratamos de ir trabajando y buscando puntos en com\u00fan de cara a los pr\u00f3ximos meses para ver si podemos hacer un esfuerzo y confluir en una herramienta, una opci\u00f3n que ponga en agenda los temas que realmente la gente tiene como necesidad\u00bb.<\/p>\n<p>El intendente de Necochea enfatiz\u00f3, por otra parte, la necesidad de \u201caggiornar\u201d la Ley Org\u00e1nica de las Municipalidades , as\u00ed como de una descentralizaci\u00f3n de recursos y un proyecto para modificar las secciones electorales respecto al n\u00famero de legisladores.<\/p>\n<p><strong>Texto y fotos: elciudadanonecochea.com.ar<\/strong><\/p>\n","protected":false},"excerpt":{"rendered":"<p>Participaron representantes de 25 distritos. No descartan un frente electoral \u00a0 Arturo Rojas se manifest\u00f3 satisfecho por la convocatoria y el desarrollo del congreso vecinalista realizado este s\u00e1bado en Necochea, del que, como referente del flamante partido Nueva Necochea, fue el\u00a0 anfitri\u00f3n. El intendente de Necochea y otros dirigentes vecinalistas, tras el congreso ofrecieron una [&hellip;]<\/p>\n","protected":false},"author":3,"featured_media":73870,"comment_status":"closed","ping_status":"closed","sticky":false,"template":"","format":"standard","meta":{"footnotes":""},"categories":[3],"tags":[],"class_list":{"0":"post-73869","1":"post","2":"type-post","3":"status-publish","4":"format-standard","5":"has-post-thumbnail","7":"category-masnoticias"},"_links":{"self":[{"href":"https:\/\/primicias2262.com\/noticias\/wp-json\/wp\/v2\/posts\/73869","targetHints":{"allow":["GET"]}}],"collection":[{"href":"https:\/\/primicias2262.com\/noticias\/wp-json\/wp\/v2\/posts"}],"about":[{"href":"https:\/\/primicias2262.com\/noticias\/wp-json\/wp\/v2\/types\/post"}],"author":[{"embeddable":true,"href":"https:\/\/primicias2262.com\/noticias\/wp-json\/wp\/v2\/users\/3"}],"replies":[{"embeddable":true,"href":"https:\/\/primicias2262.com\/noticias\/wp-json\/wp\/v2\/comments?post=73869"}],"version-history":[{"count":0,"href":"https:\/\/primicias2262.com\/noticias\/wp-json\/wp\/v2\/posts\/73869\/revisions"}],"wp:featuredmedia":[{"embeddable":true,"href":"https:\/\/primicias2262.com\/noticias\/wp-json\/"}],"wp:attachment":[{"href":"https:\/\/primicias2262.com\/noticias\/wp-json\/wp\/v2\/media?parent=73869"}],"wp:term":[{"taxonomy":"category","embeddable":true,"href":"https:\/\/primicias2262.com\/noticias\/wp-json\/wp\/v2\/categories?post=73869"},{"taxonomy":"post_tag","embeddable":true,"href":"https:\/\/primicias2262.com\/noticias\/wp-json\/wp\/v2\/tags?post=73869"}],"curies":[{"name":"wp","href":"https:\/\/api.w.org\/{rel}","templated":true}]}}