{"id":73873,"date":"2021-03-01T11:23:45","date_gmt":"2021-03-01T14:23:45","guid":{"rendered":"https:\/\/primicias2262.com\/?p=73873"},"modified":"2021-03-01T11:23:45","modified_gmt":"2021-03-01T14:23:45","slug":"homenaje-del-partido-justicialista-a-las-mujeres-peronistas-este-lunes","status":"publish","type":"post","link":"https:\/\/primicias2262.com\/noticias\/homenaje-del-partido-justicialista-a-las-mujeres-peronistas-este-lunes\/","title":{"rendered":"Homenaje del Partido Justicialista a las mujeres peronistas este lunes"},"content":{"rendered":"<p><strong>La actividad se desarrollar\u00e1 a partir de las 19 en la sede del PJ en 61 y 70.<\/strong><\/p>\n<p>La consejera del Partido Justicialista, Graciela Tugores, inform\u00f3 sobre la actividades que llevar\u00e1 adelante el peronismo este lunes 8 de marzo en relaci\u00f3n al D\u00eda de la Mujer, para el cual se realizar\u00e1 un homenaje a las mujeres peronistas.<\/p>\n<p>Sobre este evento, Tugores explic\u00f3 que \u201ccomo todos los a\u00f1os este a\u00f1o -cuid\u00e1ndonos y conservando el protocolo- lo que vamos a hacer es homenajear y recordar a distintas mujeres peronistas que trabajan arduamente en distintos lugares de la comunidad desde los sindicatos, las entidades vecinales, tambi\u00e9n para las \u00a0compa\u00f1eras que han estado en educaci\u00f3n, consejeras escolares, a cargo de la presidencia, \u00a0las referentes barriales que son nuestras compa\u00f1eras m\u00e1s cercanas que no son las que van al barrio sino las que est\u00e1n en el barrio, las chicas de los merenderos las que tienen comedores que tienen una funci\u00f3n social importante colaborando con nosotros y con el Partido Justicialista\u201d.<\/p>\n<p>Luego Graciela se refiri\u00f3 a la importancia de las mujeres para la estructura del PJ y se\u00f1al\u00f3 que \u201cnosotros tenemos dos mujeres referenciales. Eva que fue la que marc\u00f3 el movimiento dentro del Partido Justicialista creando el Partido Peronista Femenino donde ella convoca a las evitas a trabajar y emprender. Tambi\u00e9n les dice \u00a0a las mujeres vamos a cambiar de estilos de vida y saca a las mujeres a trabajar a la calle, a afiliar, desempe\u00f1arse en labores sociales y comunitarias y que la mujer cambie de vida y deje de estar solo dentro de la casa con la limpieza del hogar, el aseo personal y despu\u00e9s tenemos a nuestra compa\u00f1era Cristina Fern\u00e1ndez de Kirchner qu\u00e9 es contempor\u00e1nea nuestra es la figura referencial al igual que la vicegobernadora Ver\u00f3nica Magario que han marcado nuestro movimiento\u201d.<\/p>\n<p>Por \u00faltimo, destac\u00f3 que \u201ces importante acompa\u00f1ar este d\u00eda, es un orgullo orgullo estar dentro de este espacio peronista, acompa\u00f1ar a los varones dado que los compa\u00f1eros no est\u00e1n ni adelante ni atr\u00e1s sino a la par\u201d y agreg\u00f3 \u201cel apoyo de las pol\u00edticas de estado de este gobierno nacional y popular que muchas veces se les baja el precio diciendo populista. Pero es importante la creaci\u00f3n de los ministerios de mujeres, de g\u00e9nero y de diversidad. Tampoco podemos dejar de lado a las chicas trans que est\u00e1n dentro de este movimiento en este d\u00eda\u201d.<\/p>\n<p>&nbsp;<\/p>\n","protected":false},"excerpt":{"rendered":"<p>La actividad se desarrollar\u00e1 a partir de las 19 en la sede del PJ en 61 y 70. La consejera del Partido Justicialista, Graciela Tugores, inform\u00f3 sobre la actividades que llevar\u00e1 adelante el peronismo este lunes 8 de marzo en relaci\u00f3n al D\u00eda de la Mujer, para el cual se realizar\u00e1 un homenaje a las [&hellip;]<\/p>\n","protected":false},"author":3,"featured_media":73874,"comment_status":"closed","ping_status":"closed","sticky":false,"template":"","format":"standard","meta":{"footnotes":""},"categories":[3],"tags":[],"class_list":{"0":"post-73873","1":"post","2":"type-post","3":"status-publish","4":"format-standard","5":"has-post-thumbnail","7":"category-masnoticias"},"_links":{"self":[{"href":"https:\/\/primicias2262.com\/noticias\/wp-json\/wp\/v2\/posts\/73873","targetHints":{"allow":["GET"]}}],"collection":[{"href":"https:\/\/primicias2262.com\/noticias\/wp-json\/wp\/v2\/posts"}],"about":[{"href":"https:\/\/primicias2262.com\/noticias\/wp-json\/wp\/v2\/types\/post"}],"author":[{"embeddable":true,"href":"https:\/\/primicias2262.com\/noticias\/wp-json\/wp\/v2\/users\/3"}],"replies":[{"embeddable":true,"href":"https:\/\/primicias2262.com\/noticias\/wp-json\/wp\/v2\/comments?post=73873"}],"version-history":[{"count":0,"href":"https:\/\/primicias2262.com\/noticias\/wp-json\/wp\/v2\/posts\/73873\/revisions"}],"wp:featuredmedia":[{"embeddable":true,"href":"https:\/\/primicias2262.com\/noticias\/wp-json\/"}],"wp:attachment":[{"href":"https:\/\/primicias2262.com\/noticias\/wp-json\/wp\/v2\/media?parent=73873"}],"wp:term":[{"taxonomy":"category","embeddable":true,"href":"https:\/\/primicias2262.com\/noticias\/wp-json\/wp\/v2\/categories?post=73873"},{"taxonomy":"post_tag","embeddable":true,"href":"https:\/\/primicias2262.com\/noticias\/wp-json\/wp\/v2\/tags?post=73873"}],"curies":[{"name":"wp","href":"https:\/\/api.w.org\/{rel}","templated":true}]}}