{"id":73877,"date":"2021-03-10T08:38:17","date_gmt":"2021-03-10T11:38:17","guid":{"rendered":"https:\/\/primicias2262.com\/?p=73877"},"modified":"2021-03-10T08:38:17","modified_gmt":"2021-03-10T11:38:17","slug":"la-feria-americana-de-la-cooperadora-del-hospital-vuelve-a-abrir-sus-puertas-en-57-y-62","status":"publish","type":"post","link":"https:\/\/primicias2262.com\/noticias\/la-feria-americana-de-la-cooperadora-del-hospital-vuelve-a-abrir-sus-puertas-en-57-y-62\/","title":{"rendered":"La feria americana de la Cooperadora del hospital vuelve a abrir sus puertas en 57 y 62"},"content":{"rendered":"<p><strong>\u201cEstuvimos un a\u00f1o sin abrirla por la pandemia, pero es una ayuda muy importante para el hospital y la comunidad, y tuvimos una muy buena respuesta, a pesar de que abrimos de un d\u00eda para otro\u201d, asegur\u00f3 la presidenta de la cooperadora, Marta Rold\u00e1n, sobre la reapertura del viernes anterior.<\/strong><\/p>\n<p>A trav\u00e9s de una nota realizada por el periodista Jorge G\u00f3mez en el programa \u201cVoces de la Ciudad\u201d, que se emite por FM Vinilo 103.5, en el marco del D\u00eda Internacional de la Mujer, la presidenta de la cooperadora del Hospital municipal, Marta Rold\u00e1n, y la secretaria Cristina Ag\u00fcero, contaron sobre el proyecto de la feria americana de ropa, que vuelve a cobrar vida en 57 y 62 tras un a\u00f1o cerrada por la pandemia.<\/p>\n<p>\u201cLa semana pasada hablamos con las chicas, algunas nos arriesgamos a pesar de no estar vacunadas, pero con los protocolos que se requieren nos animamos a abrir el viernes porque tenemos mucha ropa, la gente compra y es una ayuda muy importante para el hospital y la comunidad. Tuvimos una muy buena respuesta, a pesar de que abrimos de un d\u00eda para otro\u201d, destac\u00f3 Marta Rold\u00e1n.<\/p>\n<p>A ello, a\u00f1adi\u00f3 que \u201ccumplimos una funci\u00f3n social porque la gente por poco dinero puede llevarse la ropa\u201d, y destac\u00f3 que \u201chabilitamos dos sectores, una con ropa muy econ\u00f3mica, y otro con ropa seleccionada. Los valores trataremos de unificarlos, lo econ\u00f3mico estar\u00e1 entre 50 y 100 pesos, como remeras o camperas que est\u00e1n en buenas condiciones, y despu\u00e9s hay prendas que est\u00e1n nuevas que tendr\u00e1n otro valor. Agradecemos a la familia que nos da el lugar, que nos facilita un ingreso muy importante\u201d.<\/p>\n<p>Asimismo, por seguridad, Rold\u00e1n apunt\u00f3 que \u201cpermitimos entrar de a pocas personas para respetar el distanciamiento social, tenemos barbijos, alcohol en gel, un trapo de piso con lavandina\u2026 ten\u00edamos que arriesgarnos porque es un momento social dif\u00edcil\u201d.<\/p>\n<p>Por su parte, Cristina Ag\u00fcero inform\u00f3 que \u201ca partir de las 17 estaremos el viernes, s\u00f3lo ese d\u00eda por ahora, pero vamos a incorporar otros d\u00edas. Hay locales con ropa de ni\u00f1os, otro con zapatos, otros con ropa de mujer y necesitamos varias personas para trabajar bien\u201d.<\/p>\n<p><strong>FOTO: Todo Sobre Necochea<\/strong><\/p>\n","protected":false},"excerpt":{"rendered":"<p>\u201cEstuvimos un a\u00f1o sin abrirla por la pandemia, pero es una ayuda muy importante para el hospital y la comunidad, y tuvimos una muy buena respuesta, a pesar de que abrimos de un d\u00eda para otro\u201d, asegur\u00f3 la presidenta de la cooperadora, Marta Rold\u00e1n, sobre la reapertura del viernes anterior. A trav\u00e9s de una nota [&hellip;]<\/p>\n","protected":false},"author":3,"featured_media":73935,"comment_status":"closed","ping_status":"closed","sticky":false,"template":"","format":"standard","meta":{"footnotes":""},"categories":[3],"tags":[],"class_list":{"0":"post-73877","1":"post","2":"type-post","3":"status-publish","4":"format-standard","5":"has-post-thumbnail","7":"category-masnoticias"},"_links":{"self":[{"href":"https:\/\/primicias2262.com\/noticias\/wp-json\/wp\/v2\/posts\/73877","targetHints":{"allow":["GET"]}}],"collection":[{"href":"https:\/\/primicias2262.com\/noticias\/wp-json\/wp\/v2\/posts"}],"about":[{"href":"https:\/\/primicias2262.com\/noticias\/wp-json\/wp\/v2\/types\/post"}],"author":[{"embeddable":true,"href":"https:\/\/primicias2262.com\/noticias\/wp-json\/wp\/v2\/users\/3"}],"replies":[{"embeddable":true,"href":"https:\/\/primicias2262.com\/noticias\/wp-json\/wp\/v2\/comments?post=73877"}],"version-history":[{"count":0,"href":"https:\/\/primicias2262.com\/noticias\/wp-json\/wp\/v2\/posts\/73877\/revisions"}],"wp:featuredmedia":[{"embeddable":true,"href":"https:\/\/primicias2262.com\/noticias\/wp-json\/"}],"wp:attachment":[{"href":"https:\/\/primicias2262.com\/noticias\/wp-json\/wp\/v2\/media?parent=73877"}],"wp:term":[{"taxonomy":"category","embeddable":true,"href":"https:\/\/primicias2262.com\/noticias\/wp-json\/wp\/v2\/categories?post=73877"},{"taxonomy":"post_tag","embeddable":true,"href":"https:\/\/primicias2262.com\/noticias\/wp-json\/wp\/v2\/tags?post=73877"}],"curies":[{"name":"wp","href":"https:\/\/api.w.org\/{rel}","templated":true}]}}