{"id":73884,"date":"2021-03-08T13:59:02","date_gmt":"2021-03-08T16:59:02","guid":{"rendered":"https:\/\/primicias2262.com\/?p=73884"},"modified":"2021-03-08T13:59:02","modified_gmt":"2021-03-08T16:59:02","slug":"silvia-guedikian-debemos-defender-la-salud-publica-y-no-permitir-la-politica-partidaria-en-la-asociacion","status":"publish","type":"post","link":"https:\/\/primicias2262.com\/noticias\/silvia-guedikian-debemos-defender-la-salud-publica-y-no-permitir-la-politica-partidaria-en-la-asociacion\/","title":{"rendered":"Silvia Guedikian: \u201cDebemos defender la salud p\u00fablica y no permitir la pol\u00edtica partidaria en la Asociaci\u00f3n\u201d"},"content":{"rendered":"<p><strong>La nueva presidenta de CICOP Necochea, Silvia Guedikian, dialog\u00f3 con el periodista Jorge G\u00f3mez en \u201cVoces de la Ciudad\u201d e hizo un fuerte \u00e9nfasis en la uni\u00f3n que deben tener los hospitales y la atenci\u00f3n primaria en funci\u00f3n de la comunidad, adem\u00e1s de no entrar en cuestiones pol\u00edtico partidarias \u201cbajo ning\u00fan concepto\u201d.<\/strong><\/p>\n<p>Tras la victoria democr\u00e1tica de Silvia Guedekian que dej\u00f3 la elecci\u00f3n de tres d\u00edas entre los profesionales y trabajadores de la salud, y que la llev\u00f3 a ser la nueva titular del gremio CICOP, expres\u00f3 v\u00eda telef\u00f3nica que \u201chemos hecho una muy buena elecci\u00f3n y estamos muy contentos. Hab\u00eda 134 afiliados en condiciones de emitir el sufragio, hubo una participaci\u00f3n de 121 votantes y es muy importante porque nunca se hab\u00edan manejado esos n\u00fameros y juntamos alrededor del 60% de los votos\u201d.<\/p>\n<p><img loading=\"lazy\" decoding=\"async\" class=\"aligncenter size-full wp-image-73885\" src=\"https:\/\/primicias2262.com\/wp-content\/uploads\/2021\/03\/eleccion-cicop.jpeg\" alt=\"\" width=\"1280\" height=\"958\" \/><\/p>\n<p>\u201cEstamos muy contentos, es hist\u00f3rico porque nunca hab\u00eda habido una lista opositora y obtuvimos el triunfo\u201d, acot\u00f3, para reconocer que \u201cahora viene lo mejor, que es trabajar m\u00e1s, fortalecer el gremio, seguir convocando a los profesionales para que se afilien, ya que hay gente con ganas de sumarse, y hay muchos proyectos. Vamos a esperar que CICOP central nos informe sobre la constituci\u00f3n de la nueva comisi\u00f3n directiva y a partir de ah\u00ed empezaremos con todas las energ\u00edas puestas en este 2021\u201d.<\/p>\n<p>La flamante titular de CICOP se\u00f1al\u00f3 de cara a su gesti\u00f3n que \u201chay un mont\u00f3n de cuestiones que tenemos que ordenar, una vez pasada la pandemia y que tengamos un poco m\u00e1s de libertad\u2026 adem\u00e1s de trabajar por los derechos de los trabajadores en relaci\u00f3n a los salarios para no estar siempre reclamando y generando reuniones, y que nos podamos dedicar m\u00e1s al funcionamiento de los servicios, como tambi\u00e9n poder acompa\u00f1ar el proyecto de cambiar algunas cuestiones de la salud p\u00fablica que hoy todav\u00eda son deficientes a nuestro entender\u201d.<\/p>\n<p>Guedekian se\u00f1al\u00f3 imperioso el hecho de \u201cpoder fortalecer servicios, ordenar a nuestros profesionales para que se sientan m\u00e1s c\u00f3modos en sus lugares de trabajo e iremos persona por persona, afiliado por afiliado y por cada jefe de servicio, solicitando cu\u00e1les son los inconvenientes que tienen, que se puedan establecer mesas de trabajo con el compromiso de cada responsable de \u00e1rea\u201d.<\/p>\n<p>Al respecto, dej\u00f3 bien en claro que \u201cno queremos tener divisi\u00f3n en cada uno de los servicios y el resto de los hospitales, queremos integrar la red de la salud p\u00fablica entre el Hospital Irurzun, APS y el Ferreyra, y que no sea una competencia entre hospitales sino todo lo contrario, que estemos todos unidos, porque la lucha es la misma: defender la salud p\u00fablica en beneficio de todos los pacientes que se acercan\u201d.<\/p>\n<p>En cuanto a c\u00f3mo qued\u00f3 la relaci\u00f3n con el sector opositor, asegur\u00f3 que \u201cvamos a incorporar a algunos de los candidatos de la otra lista para que se integrar\u00e1n a la nuestra\u201d, y finalmente enfatiz\u00f3 respecto al tinte pol\u00edtico partidario que tuvo la elecci\u00f3n que \u201cesperemos que desaparezca y para siempre\u2026 no tiene que interferir y no tenemos que permitir de ninguno de los dos lados que la pol\u00edtica partidaria entre a la Asociaci\u00f3n de Profesionales, bajo ning\u00fan concepto, es uno de mis objetivos y lo tengo bien presente, adem\u00e1s de trabajar por la salud p\u00fablica\u201d.<\/p>\n","protected":false},"excerpt":{"rendered":"<p>La nueva presidenta de CICOP Necochea, Silvia Guedikian, dialog\u00f3 con el periodista Jorge G\u00f3mez en \u201cVoces de la Ciudad\u201d e hizo un fuerte \u00e9nfasis en la uni\u00f3n que deben tener los hospitales y la atenci\u00f3n primaria en funci\u00f3n de la comunidad, adem\u00e1s de no entrar en cuestiones pol\u00edtico partidarias \u201cbajo ning\u00fan concepto\u201d. Tras la victoria [&hellip;]<\/p>\n","protected":false},"author":3,"featured_media":73886,"comment_status":"closed","ping_status":"closed","sticky":false,"template":"","format":"standard","meta":{"footnotes":""},"categories":[3],"tags":[],"class_list":{"0":"post-73884","1":"post","2":"type-post","3":"status-publish","4":"format-standard","5":"has-post-thumbnail","7":"category-masnoticias"},"_links":{"self":[{"href":"https:\/\/primicias2262.com\/noticias\/wp-json\/wp\/v2\/posts\/73884","targetHints":{"allow":["GET"]}}],"collection":[{"href":"https:\/\/primicias2262.com\/noticias\/wp-json\/wp\/v2\/posts"}],"about":[{"href":"https:\/\/primicias2262.com\/noticias\/wp-json\/wp\/v2\/types\/post"}],"author":[{"embeddable":true,"href":"https:\/\/primicias2262.com\/noticias\/wp-json\/wp\/v2\/users\/3"}],"replies":[{"embeddable":true,"href":"https:\/\/primicias2262.com\/noticias\/wp-json\/wp\/v2\/comments?post=73884"}],"version-history":[{"count":0,"href":"https:\/\/primicias2262.com\/noticias\/wp-json\/wp\/v2\/posts\/73884\/revisions"}],"wp:featuredmedia":[{"embeddable":true,"href":"https:\/\/primicias2262.com\/noticias\/wp-json\/"}],"wp:attachment":[{"href":"https:\/\/primicias2262.com\/noticias\/wp-json\/wp\/v2\/media?parent=73884"}],"wp:term":[{"taxonomy":"category","embeddable":true,"href":"https:\/\/primicias2262.com\/noticias\/wp-json\/wp\/v2\/categories?post=73884"},{"taxonomy":"post_tag","embeddable":true,"href":"https:\/\/primicias2262.com\/noticias\/wp-json\/wp\/v2\/tags?post=73884"}],"curies":[{"name":"wp","href":"https:\/\/api.w.org\/{rel}","templated":true}]}}