{"id":73894,"date":"2021-03-09T10:06:54","date_gmt":"2021-03-09T13:06:54","guid":{"rendered":"https:\/\/primicias2262.com\/?p=73894"},"modified":"2021-03-09T10:06:54","modified_gmt":"2021-03-09T13:06:54","slug":"el-ministro-de-salud-de-corrientes-se-descompenso-y-choco-una-camioneta-en-la-que-llevaba-vacunas","status":"publish","type":"post","link":"https:\/\/primicias2262.com\/noticias\/el-ministro-de-salud-de-corrientes-se-descompenso-y-choco-una-camioneta-en-la-que-llevaba-vacunas\/","title":{"rendered":"El ministro de Salud de Corrientes se descompens\u00f3 y choc\u00f3 una camioneta en la que llevaba vacunas"},"content":{"rendered":"<p>Seg\u00fan se inform\u00f3, Ricardo Cardozo sufri\u00f3 una descompensaci\u00f3n y perdi\u00f3 el control de la camioneta en la que llevaba dosis de las vacunas contra el coronavirus a la localidad de Goya.<\/p>\n<p><strong>El ministro de Salud p\u00fablica de Corrientes, Ricardo Cardozo, sufri\u00f3 este lunes una descompensaci\u00f3n<\/strong>\u00a0y\u00a0<strong>choc\u00f3 la camioneta que conduc\u00eda en camino a la ciudad de Goya<\/strong>, donde trasladaba un lote de vacunas contra el coronavirus, informaron fuentes oficiales.<\/p>\n<p>\u201cRicardo Cardozo al dirigirse a la localidad de Goya para fortalecer el Plan de Vacunaci\u00f3n contra el Covid-19,<strong>\u00a0sufri\u00f3 una descompensaci\u00f3n card\u00edaca que gener\u00f3 que tuviera un accidente de tr\u00e1nsito sin consecuencias<\/strong>\u201d, inform\u00f3 este lunes el Gobierno de Corrientes a trav\u00e9s de un despacho de prensa.<\/p>\n<p>Y a\u00f1adieron: \u201cdesde la cartera sanitaria se destac\u00f3 que Cardozo trasladaba personalmente en la ocasi\u00f3n las vacunas destinadas a Goya en el marco del Plan de Vacunaci\u00f3n contra el Covid-19 que la Provincia lleva adelante en el interior provincial\u201d.<\/p>\n<p>En ese sentido, se inform\u00f3 que \u201ccon celeridad se tomaron las medidas necesarias para proteger las vacunas\u201d y que el Ministerio de Salud P\u00fablica \u201ca trav\u00e9s del \u00e1rea correspondiente completar\u00e1 el traslado de las mismas al destino\u201d.<\/p>\n<div class=\"auth\">El choque<\/div>\n<p><strong>El episodio protagonizado por el ministro correntino se produjo alrededor de las 9, en la avenida Maip\u00fa esquina calle Guayquirar\u00f3 de la capital, donde la camioneta que conduc\u00eda el funcionario impact\u00f3 de frente contra una Toyota Hilux.<\/strong><\/p>\n<p>Se reportaron da\u00f1os materiales y se agreg\u00f3 que tanto los conductores como los acompa\u00f1antes resultaron ilesos.<\/p>\n<p>No obstante, el ministro fue trasladado al Instituto de Cardiolog\u00eda de Corrientes donde fue sometido a un cateterismo card\u00edaco que constat\u00f3 lesiones coronarias agudas responsables del evento.<\/p>\n<p>\u201cFue sometido en forma inmediata a una angioplastia con tres stent coronarios, los que fueron implantados en forma exitosa y sin complicaciones\u201d, informaron fuentes de ese centro de salud.<\/p>\n<p>Y especificaron que en la siesta de este lunes el ministro se encontraba \u201cl\u00facido, compensado y estable\u201d.<\/p>\n<p>En el comunicado oficial distribuido por la Casa de Gobierno correntina, indicaron que el funcionario \u201ctiene gran responsabilidad en la lucha que lleva la provincia contra el Covid-19, dedic\u00e1ndole muchas horas diarias a esa tarea, por lo que, si bien no ha concluido a\u00fan la evaluaci\u00f3n m\u00e9dica del episodio que sufri\u00f3, piensan que est\u00e1 sometido a un desgaste f\u00edsico importante y que pudo ser la causa del episodio acaecido\u201d.<\/p>\n","protected":false},"excerpt":{"rendered":"<p>Seg\u00fan se inform\u00f3, Ricardo Cardozo sufri\u00f3 una descompensaci\u00f3n y perdi\u00f3 el control de la camioneta en la que llevaba dosis de las vacunas contra el coronavirus a la localidad de Goya. El ministro de Salud p\u00fablica de Corrientes, Ricardo Cardozo, sufri\u00f3 este lunes una descompensaci\u00f3n\u00a0y\u00a0choc\u00f3 la camioneta que conduc\u00eda en camino a la ciudad de [&hellip;]<\/p>\n","protected":false},"author":3,"featured_media":73895,"comment_status":"closed","ping_status":"closed","sticky":false,"template":"","format":"standard","meta":{"footnotes":""},"categories":[4],"tags":[],"class_list":{"0":"post-73894","1":"post","2":"type-post","3":"status-publish","4":"format-standard","5":"has-post-thumbnail","7":"category-actualidad"},"_links":{"self":[{"href":"https:\/\/primicias2262.com\/noticias\/wp-json\/wp\/v2\/posts\/73894","targetHints":{"allow":["GET"]}}],"collection":[{"href":"https:\/\/primicias2262.com\/noticias\/wp-json\/wp\/v2\/posts"}],"about":[{"href":"https:\/\/primicias2262.com\/noticias\/wp-json\/wp\/v2\/types\/post"}],"author":[{"embeddable":true,"href":"https:\/\/primicias2262.com\/noticias\/wp-json\/wp\/v2\/users\/3"}],"replies":[{"embeddable":true,"href":"https:\/\/primicias2262.com\/noticias\/wp-json\/wp\/v2\/comments?post=73894"}],"version-history":[{"count":0,"href":"https:\/\/primicias2262.com\/noticias\/wp-json\/wp\/v2\/posts\/73894\/revisions"}],"wp:featuredmedia":[{"embeddable":true,"href":"https:\/\/primicias2262.com\/noticias\/wp-json\/"}],"wp:attachment":[{"href":"https:\/\/primicias2262.com\/noticias\/wp-json\/wp\/v2\/media?parent=73894"}],"wp:term":[{"taxonomy":"category","embeddable":true,"href":"https:\/\/primicias2262.com\/noticias\/wp-json\/wp\/v2\/categories?post=73894"},{"taxonomy":"post_tag","embeddable":true,"href":"https:\/\/primicias2262.com\/noticias\/wp-json\/wp\/v2\/tags?post=73894"}],"curies":[{"name":"wp","href":"https:\/\/api.w.org\/{rel}","templated":true}]}}