{"id":73897,"date":"2021-03-09T10:08:50","date_gmt":"2021-03-09T13:08:50","guid":{"rendered":"https:\/\/primicias2262.com\/?p=73897"},"modified":"2021-03-09T10:08:50","modified_gmt":"2021-03-09T13:08:50","slug":"se-realizo-el-segundo-festival-del-lago-en-loberia","status":"publish","type":"post","link":"https:\/\/primicias2262.com\/noticias\/se-realizo-el-segundo-festival-del-lago-en-loberia\/","title":{"rendered":"Se realiz\u00f3 el segundo Festival del Lago en Lober\u00eda"},"content":{"rendered":"<p>El pasado s\u00e1bado, en el Parque Municipal Narciso del Valle, se realiz\u00f3 el 2do Festival del Lago, con una importante cantidad de vecinos que se acercaron a disfrutar de la presentaci\u00f3n de artistas locales.<\/p>\n<p>El escenario se ubic\u00f3 en la isla del lago y la gente se situ\u00f3 en las orillas, alrededor, manteniendo la distancia entre grupos, siguiendo el protocolo indicado y viviendo con gran alegr\u00eda este primer evento cultural con presencia de p\u00fablico desde marzo del a\u00f1o pasado.<\/p>\n<p>Se presentaron: Banda Municipal, Algo Va a Salir, Jorge Higuera, Ramona King y Mezclados.<\/p>\n","protected":false},"excerpt":{"rendered":"<p>El pasado s\u00e1bado, en el Parque Municipal Narciso del Valle, se realiz\u00f3 el 2do Festival del Lago, con una importante cantidad de vecinos que se acercaron a disfrutar de la presentaci\u00f3n de artistas locales. El escenario se ubic\u00f3 en la isla del lago y la gente se situ\u00f3 en las orillas, alrededor, manteniendo la distancia [&hellip;]<\/p>\n","protected":false},"author":3,"featured_media":73898,"comment_status":"closed","ping_status":"closed","sticky":false,"template":"","format":"standard","meta":{"footnotes":""},"categories":[4],"tags":[],"class_list":{"0":"post-73897","1":"post","2":"type-post","3":"status-publish","4":"format-standard","5":"has-post-thumbnail","7":"category-actualidad"},"_links":{"self":[{"href":"https:\/\/primicias2262.com\/noticias\/wp-json\/wp\/v2\/posts\/73897","targetHints":{"allow":["GET"]}}],"collection":[{"href":"https:\/\/primicias2262.com\/noticias\/wp-json\/wp\/v2\/posts"}],"about":[{"href":"https:\/\/primicias2262.com\/noticias\/wp-json\/wp\/v2\/types\/post"}],"author":[{"embeddable":true,"href":"https:\/\/primicias2262.com\/noticias\/wp-json\/wp\/v2\/users\/3"}],"replies":[{"embeddable":true,"href":"https:\/\/primicias2262.com\/noticias\/wp-json\/wp\/v2\/comments?post=73897"}],"version-history":[{"count":0,"href":"https:\/\/primicias2262.com\/noticias\/wp-json\/wp\/v2\/posts\/73897\/revisions"}],"wp:featuredmedia":[{"embeddable":true,"href":"https:\/\/primicias2262.com\/noticias\/wp-json\/"}],"wp:attachment":[{"href":"https:\/\/primicias2262.com\/noticias\/wp-json\/wp\/v2\/media?parent=73897"}],"wp:term":[{"taxonomy":"category","embeddable":true,"href":"https:\/\/primicias2262.com\/noticias\/wp-json\/wp\/v2\/categories?post=73897"},{"taxonomy":"post_tag","embeddable":true,"href":"https:\/\/primicias2262.com\/noticias\/wp-json\/wp\/v2\/tags?post=73897"}],"curies":[{"name":"wp","href":"https:\/\/api.w.org\/{rel}","templated":true}]}}