{"id":73925,"date":"2021-03-10T08:31:05","date_gmt":"2021-03-10T11:31:05","guid":{"rendered":"https:\/\/primicias2262.com\/?p=73925"},"modified":"2021-03-10T08:31:05","modified_gmt":"2021-03-10T11:31:05","slug":"larreta-resalto-que-con-arturo-nos-hicimos-la-agenda-para-poner-a-necochea-como-prioridad","status":"publish","type":"post","link":"https:\/\/primicias2262.com\/noticias\/larreta-resalto-que-con-arturo-nos-hicimos-la-agenda-para-poner-a-necochea-como-prioridad\/","title":{"rendered":"\u201cLarreta resalt\u00f3 que con Arturo nos hicimos la agenda para poner a Necochea como prioridad\u201d"},"content":{"rendered":"<p><strong>A trav\u00e9s de una nota realizada por el periodista Jorge G\u00f3mez en el programa \u201cVoces de la Ciudad\u201d, que se emite por FM Vinilo, 103.5 del dial, la concejal opositora del PRO, Eugenia Vallota, se refiri\u00f3 al encuentro que protagoniz\u00f3 junto al intendente Arturo Rojas con el jefe de Gobierno porte\u00f1o, Horacio Rodr\u00edguez Larreta, con el convenio de restauraci\u00f3n y puesta en valor del Hogar Raimondi como eje principal.<\/strong><\/p>\n<p>Al ser consultada sobre la foto que encabeza la nota, la edil no pudo evitar re\u00edrse, y dej\u00f3 en claro que \u201cesto tiene que ver con que hay que dejar de lado las cuestiones menores de la pol\u00edtica, como decir que \u2018Kicillof se va a enojar por la foto\u2019\u2026 es el intendente de la ciudad (Arturo) y tiene que estar en relaci\u00f3n con todos, sea la Ciudad de Buenos Aires, el gobierno provincial o el nacional. Tiene que ver con poner como prioridad a Necochea\u201d.<\/p>\n<p>En ese marco, es que la concejal del PRO cont\u00f3 que \u201cHoracio (Rodr\u00edguez Larreta) nos pregunt\u00f3 acerca de la cuesti\u00f3n pol\u00edtica y resalt\u00f3 el hecho de que un intendente que hoy tiene un partido vecinalista y una concejal de la oposici\u00f3n nos hayamos hecho la agenda necesaria de trabajo en conjunto para poner a Necochea como una cuesti\u00f3n prioritaria\u201d.<\/p>\n<p>\u201cIncluso -agreg\u00f3 entre risas- hablamos de la minuta presentada por la vacunaci\u00f3n\u201d, pero m\u00e1s all\u00e1 de eso \u201cpudimos llevar adelante el tema del convenio que tiene que ver con Necochea\u2026 despu\u00e9s en lo pol\u00edtico cada uno mostr\u00f3 sus diferencias y coincidencias respecto al otro y la verdad es que fue muy ameno\u201d.<\/p>\n<p>Respecto a la tem\u00e1tica principal por la que la comitiva necochense fue recibida, Vallota cont\u00f3 que \u201ces un trabajo que se viene realizando desde la pandemia, all\u00e1 por septiembre me puse en contacto con el equipo de la Tercera Edad de la Ciudad de Buenos Aires, y empezamos a coordinar algunos encuentros de Zoom, con la premisa fundamental de la puesta en valor del Hogar Raimondi, que pertenece a CABA y est\u00e1 frente al mar. Un lugar privilegiado de nuestra ciudad que debe ser restaurado, m\u00e1s all\u00e1 de que su estructura sea un patrimonio y sea tan lindo verlo, vemos c\u00f3mo en algunos aspectos est\u00e1 deteriorado tanto afuera como por dentro\u201d.<\/p>\n<p>En su relato, Vallota sigui\u00f3 recapitulando que \u201cluego en diciembre realizamos un Zoom en conjunto con Arturo y la gente de Tercera Edad, y el puntapi\u00e9 inicial para la puesta en valor del Hogar era la firma de un convenio marco entre CABA y Necochea, que implica una gran cantidad de cuestiones que tienen que ver con lo cultural, con lo hist\u00f3rico, econ\u00f3mico, deportivo, cient\u00edfico y tur\u00edstico. La idea principal es que se empiece a trabajar en la fachada del Hogar Raimondi y tambi\u00e9n la posibilidad de que vecinos de la ciudad de Buenos Aires puedan tener un lugar para alojarse y visitar Necochea en forma tur\u00edstica\u201d.<\/p>\n<p>Asimismo, se\u00f1al\u00f3 que \u201ctambi\u00e9n \u00a0(Larreta) nos pregunt\u00f3 c\u00f3mo estaban las condiciones edilicias del hogar en el contexto de la pandemia y nos preguntaron qu\u00e9 otras posibilidades hab\u00eda de generar otros v\u00ednculos con la ciudad, adem\u00e1s del hogar. En ese sentido mandar\u00e1 a su equipo de trabajo a Necochea en el marco del convenio mencionado y lo pusimos en conocimiento de que ven\u00edamos de un municipio muy deteriorado\u201d.<\/p>\n<p>Finalmente, en cuanto a lo partidario y el apoyo recibido para la construcci\u00f3n del PRO en Necochea, Eugenia destac\u00f3 que \u201cle comentamos c\u00f3mo estamos trabajando en el PRO, de la nueva sede y tambi\u00e9n de cuando Arturo particip\u00f3 en Juntos por el Cambio, todo en un marco de cordialidad y respeto, y la importancia de que una figura como Horacio tenga a Necochea en su agenda. Estuvo muy bueno el encuentro y estamos muy satisfechos por haber aportado un granito de arena para que la ciudad est\u00e9 en la agenda de la gesti\u00f3n nacional\u201d.<\/p>\n","protected":false},"excerpt":{"rendered":"<p>A trav\u00e9s de una nota realizada por el periodista Jorge G\u00f3mez en el programa \u201cVoces de la Ciudad\u201d, que se emite por FM Vinilo, 103.5 del dial, la concejal opositora del PRO, Eugenia Vallota, se refiri\u00f3 al encuentro que protagoniz\u00f3 junto al intendente Arturo Rojas con el jefe de Gobierno porte\u00f1o, Horacio Rodr\u00edguez Larreta, con [&hellip;]<\/p>\n","protected":false},"author":3,"featured_media":73978,"comment_status":"closed","ping_status":"closed","sticky":false,"template":"","format":"standard","meta":{"footnotes":""},"categories":[3],"tags":[],"class_list":{"0":"post-73925","1":"post","2":"type-post","3":"status-publish","4":"format-standard","5":"has-post-thumbnail","7":"category-masnoticias"},"_links":{"self":[{"href":"https:\/\/primicias2262.com\/noticias\/wp-json\/wp\/v2\/posts\/73925","targetHints":{"allow":["GET"]}}],"collection":[{"href":"https:\/\/primicias2262.com\/noticias\/wp-json\/wp\/v2\/posts"}],"about":[{"href":"https:\/\/primicias2262.com\/noticias\/wp-json\/wp\/v2\/types\/post"}],"author":[{"embeddable":true,"href":"https:\/\/primicias2262.com\/noticias\/wp-json\/wp\/v2\/users\/3"}],"replies":[{"embeddable":true,"href":"https:\/\/primicias2262.com\/noticias\/wp-json\/wp\/v2\/comments?post=73925"}],"version-history":[{"count":0,"href":"https:\/\/primicias2262.com\/noticias\/wp-json\/wp\/v2\/posts\/73925\/revisions"}],"wp:featuredmedia":[{"embeddable":true,"href":"https:\/\/primicias2262.com\/noticias\/wp-json\/"}],"wp:attachment":[{"href":"https:\/\/primicias2262.com\/noticias\/wp-json\/wp\/v2\/media?parent=73925"}],"wp:term":[{"taxonomy":"category","embeddable":true,"href":"https:\/\/primicias2262.com\/noticias\/wp-json\/wp\/v2\/categories?post=73925"},{"taxonomy":"post_tag","embeddable":true,"href":"https:\/\/primicias2262.com\/noticias\/wp-json\/wp\/v2\/tags?post=73925"}],"curies":[{"name":"wp","href":"https:\/\/api.w.org\/{rel}","templated":true}]}}