{"id":73928,"date":"2021-03-09T23:34:19","date_gmt":"2021-03-10T02:34:19","guid":{"rendered":"https:\/\/primicias2262.com\/?p=73928"},"modified":"2021-03-09T23:34:19","modified_gmt":"2021-03-10T02:34:19","slug":"rojas-recibio-la-obra-del-centro-sanitario-que-se-incorpora-a-la-atencion-ante-el-covid-19","status":"publish","type":"post","link":"https:\/\/primicias2262.com\/noticias\/rojas-recibio-la-obra-del-centro-sanitario-que-se-incorpora-a-la-atencion-ante-el-covid-19\/","title":{"rendered":"Rojas recibi\u00f3 la obra del \u201cCentro\u00a0Sanitario\u201d que se incorpora\u00a0a la atenci\u00f3n ante el Covid-19"},"content":{"rendered":"<p><strong>Por Jorge G\u00f3mez<\/strong><\/p>\n<p>El denominado \u201cCentro Sanitario Tur\u00edstico de Necochea ya est\u00e1 listo para empezar a funcionar, ampliando el sistema de salud frente al covid-19\u201d, public\u00f3 esta tarde de martes 9 de marzo de 2021, en su cuenta de twitter, el secretario de Obras P\u00fablicas de la Naci\u00f3n, Mart\u00edn Gill.<\/p>\n<p><img loading=\"lazy\" decoding=\"async\" class=\"aligncenter size-full wp-image-73931\" src=\"https:\/\/primicias2262.com\/wp-content\/uploads\/2021\/03\/modular3.jpg\" alt=\"\" width=\"819\" height=\"419\" \/><\/p>\n<p>En el texto a\u00f1adi\u00f3, asimismo, una bater\u00eda de fotos que se refieren al encuentro donde, seg\u00fan se inform\u00f3, se concret\u00f3 \u201cla recepci\u00f3n de la obra\u201d en una reuni\u00f3n de la que particip\u00f3, adem\u00e1s, el secretario de Calidad en Salud del Ministerio de Salud de la Naci\u00f3n, doctor Arnaldo Medina, la subsecretar\u00eda de Planificaci\u00f3n y Coordinaci\u00f3n Territorial de la Obra P\u00fablica de la Naci\u00f3n, Cecilia Larivera, el intendente de Necochea, Arturo Rojas, y la secretaria de Salud de la comuna local, licenciada Ruth Kalle.<\/p>\n\n<p>Conocido en nuestro medio este \u201ccentro sanitario tur\u00edstico\u201d como hospital modular, el que est\u00e1 erigido y listo para prestar servicio en terrenos del Hospital Emilio Ferreyra, se prev\u00e9 la puesta en funcionamiento a la brevedad, al retorno de las autoridades municipales de este importante tr\u00e1mite, quienes fijar\u00e1n la organizaci\u00f3n de la inauguraci\u00f3n y la operatividad del mismo.<\/p>\n<p>El citado doctor Medina dio cuenta sobre esta situaci\u00f3n y que con la sumatoria que resultar\u00e1 del funcionamiento de este \u201cCentro Sanitario\u201d se estar\u00e1 en condiciones de \u201campliar la capacidad de respuesta ante una segunda ola de Covi-19\u2033.<\/p>\n<p><img loading=\"lazy\" decoding=\"async\" class=\"aligncenter size-full wp-image-73933\" src=\"https:\/\/primicias2262.com\/wp-content\/uploads\/2021\/03\/modular5.jpg\" alt=\"\" width=\"777\" height=\"1024\" \/><\/p>\n","protected":false},"excerpt":{"rendered":"<p>Por Jorge G\u00f3mez El denominado \u201cCentro Sanitario Tur\u00edstico de Necochea ya est\u00e1 listo para empezar a funcionar, ampliando el sistema de salud frente al covid-19\u201d, public\u00f3 esta tarde de martes 9 de marzo de 2021, en su cuenta de twitter, el secretario de Obras P\u00fablicas de la Naci\u00f3n, Mart\u00edn Gill. En el texto a\u00f1adi\u00f3, asimismo, [&hellip;]<\/p>\n","protected":false},"author":3,"featured_media":73932,"comment_status":"closed","ping_status":"closed","sticky":false,"template":"","format":"standard","meta":{"footnotes":""},"categories":[3],"tags":[],"class_list":{"0":"post-73928","1":"post","2":"type-post","3":"status-publish","4":"format-standard","5":"has-post-thumbnail","7":"category-masnoticias"},"_links":{"self":[{"href":"https:\/\/primicias2262.com\/noticias\/wp-json\/wp\/v2\/posts\/73928","targetHints":{"allow":["GET"]}}],"collection":[{"href":"https:\/\/primicias2262.com\/noticias\/wp-json\/wp\/v2\/posts"}],"about":[{"href":"https:\/\/primicias2262.com\/noticias\/wp-json\/wp\/v2\/types\/post"}],"author":[{"embeddable":true,"href":"https:\/\/primicias2262.com\/noticias\/wp-json\/wp\/v2\/users\/3"}],"replies":[{"embeddable":true,"href":"https:\/\/primicias2262.com\/noticias\/wp-json\/wp\/v2\/comments?post=73928"}],"version-history":[{"count":0,"href":"https:\/\/primicias2262.com\/noticias\/wp-json\/wp\/v2\/posts\/73928\/revisions"}],"wp:featuredmedia":[{"embeddable":true,"href":"https:\/\/primicias2262.com\/noticias\/wp-json\/"}],"wp:attachment":[{"href":"https:\/\/primicias2262.com\/noticias\/wp-json\/wp\/v2\/media?parent=73928"}],"wp:term":[{"taxonomy":"category","embeddable":true,"href":"https:\/\/primicias2262.com\/noticias\/wp-json\/wp\/v2\/categories?post=73928"},{"taxonomy":"post_tag","embeddable":true,"href":"https:\/\/primicias2262.com\/noticias\/wp-json\/wp\/v2\/tags?post=73928"}],"curies":[{"name":"wp","href":"https:\/\/api.w.org\/{rel}","templated":true}]}}