{"id":73937,"date":"2021-03-10T08:45:50","date_gmt":"2021-03-10T11:45:50","guid":{"rendered":"https:\/\/primicias2262.com\/?p=73937"},"modified":"2021-03-10T08:45:50","modified_gmt":"2021-03-10T11:45:50","slug":"salud-evalua-adoptar-nuevas-medidas-en-las-fronteras-por-el-coronavirus","status":"publish","type":"post","link":"https:\/\/primicias2262.com\/noticias\/salud-evalua-adoptar-nuevas-medidas-en-las-fronteras-por-el-coronavirus\/","title":{"rendered":"Salud eval\u00faa adoptar nuevas medidas en las fronteras por el coronavirus"},"content":{"rendered":"<p>La cartera nacional, junto a sus pares provinciales,\u00a0participaron de una nueva reuni\u00f3n del Consejo Federal de Salud y analizaron nuevas medidas en las fronteras y desalentar los viajes a zonas con circulaci\u00f3n de nuevas cepas.<\/p>\n<p>El Ministerio de Salud evalu\u00f3, junto con las carteras provinciales, la posibilidad de adoptar nuevas medidas en las fronteras y desalentar los viajes a zonas con circulaci\u00f3n de nuevas cepas de coronavirus, ante el riesgo de una segunda ola de Covid-19 en el pa\u00eds, informaron fuentes oficiales.<\/p>\n<p><strong>A trav\u00e9s de una videoconferencia, autoridades sanitarias de la cartera a cargo de Carla Vizzotti participaron de una nueva reuni\u00f3n del Consejo Federal de Salud (Cofesa) y analizaron tambi\u00e9n la adopci\u00f3n de controles para los transportistas que ingresen al pa\u00eds.<\/p>\n<p>En ese contexto, coincidieron en la necesidad de reforzar los controles de cumplimiento del aislamiento de los viajeros para mitigar el impacto de la introducci\u00f3n cepas de mayor transmisibilidad, como las brasile\u00f1as de Manaos y R\u00edo de Janeiro, la brit\u00e1nica y la sudafricana<\/strong>.<\/p>\n<p>A lo largo del debate, los referentes de las distintas jurisdicciones plantearon que es importante mantener los casos estabilizados, dado que todas las provincias se encuentran abocadas a escalar la vacunaci\u00f3n contra el coronavirus en los grupos priorizados, a\u00f1adieron las fuentes de la cartera de Salud.<\/p>\n<p>Hasta el lunes, los casos nuevos de Covid-19 por mill\u00f3n de habitantes en Argentina y la regi\u00f3n ascienden a 2,6 millones y se observa un aumento del siete por ciento en relaci\u00f3n a la semana anterior.<\/p>\n<p>De acuerdo a la distribuci\u00f3n mundial, la regi\u00f3n de las Am\u00e9ricas representa un 6%; Europa el 9%; la regi\u00f3n del sur y este de Asia un 9% y el Mediterr\u00e1neo oriental un 14%.<\/p>\n<p><strong>En la actualidad, la Argentina contin\u00faa con sus fronteras cerradas para los extranjeros, salvo que ingresen en viajes autorizados para desarrollar alguna actividad esencial, mientras que los argentinos no tienen ninguna restricci\u00f3n para ingresar o salir del pa\u00eds<\/strong>.<\/p>\n<p>La reuni\u00f3n estuvo encabezada por la jefa de Gabinete de Salud, Sonia Tarragona, y cont\u00f3 con la presencia de la secretaria de Acceso a la Salud, Sandra Tirado; el secretario de Calidad en Salud, Arnaldo Medina; la directora nacional de Epidemiolog\u00eda y An\u00e1lisis de la Situaci\u00f3n de Salud, Anal\u00eda Rearte, y Claudia Madies, directora nacional de Habilitaci\u00f3n, Fiscalizaci\u00f3n y Sanidad de Fronteras.<\/p>\n<p>El ministro de Salud bonaerense,\u00a0<strong>Daniel Gollan, hab\u00eda anticipado que el Gobierno nacional implementar\u00e1 nuevas medidas para evitar contagios de coronavirus, como restringir la salida de turistas hacia zonas de fuerte circulaci\u00f3n de las variantes m\u00e1s peligrosas y establecer cuarentena para unos 7 mil viajantes que deben regresar a la Argentina desde esos destinos<\/strong>.<\/p>\n<p>Goll\u00e1n plante\u00f3 durante una conferencia de prensa que encabez\u00f3 en La Plata junto al jefe de Gabinete, Carlos Bianco, que \u00abhay 7 mil turistas que tienen que regresar al pa\u00eds desde estos lugares\u00bb y a\u00f1adi\u00f3 que \u00aben el decreto que hay que cambiar el d\u00eda 12 (de marzo)\u00bb, cuando venza una nueva etapa del Distanciamiento Social, Preventivo y Obligatorio (Dispo) \u00abrespecto de las medidas que se toman para afrontar la pandemia, se tomar\u00e1 la decisi\u00f3n de restringir fuertemente la salida de nuevos turistas hacia las zonas de circulaci\u00f3n del virus\u00bb.<\/p>\n<p>Y remarc\u00f3 que \u00abquienes regresen, tendr\u00e1n un sistema de cuarentena\u00bb, lo que implica que \u00abcumplan diez d\u00edas de aislamiento y tengan un alta con PCR o 14 d\u00edas de cuarentena para evitar que se disperse el virus en el pa\u00eds\u00bb.<\/p>\n<p>\u00abExiste preocupaci\u00f3n por tres variantes: la sudafricana -que no circula comunitariamente en la regi\u00f3n-, la inglesa -sobre la que hubo cinco detecciones en el pa\u00eds-, y la Manaos -esa est\u00e1 muy extendida en Sudam\u00e9rica; Brasil y pa\u00edses aleda\u00f1os-, pero en Argentina se contuvieron los casos\u00bb, precis\u00f3 el ministro de Salud bonaerense.<\/p>\n<p>\u00abHasta el momento no hay circulaci\u00f3n comunitaria de ninguna de esas variantes en Argentina, pero hay preocupaci\u00f3n porque en Chile, Paraguay y Uruguay los casos est\u00e1n aumentando\u00bb, complet\u00f3.<\/p>\n","protected":false},"excerpt":{"rendered":"<p>La cartera nacional, junto a sus pares provinciales,\u00a0participaron de una nueva reuni\u00f3n del Consejo Federal de Salud y analizaron nuevas medidas en las fronteras y desalentar los viajes a zonas con circulaci\u00f3n de nuevas cepas. El Ministerio de Salud evalu\u00f3, junto con las carteras provinciales, la posibilidad de adoptar nuevas medidas en las fronteras y [&hellip;]<\/p>\n","protected":false},"author":3,"featured_media":73938,"comment_status":"closed","ping_status":"closed","sticky":false,"template":"","format":"standard","meta":{"footnotes":""},"categories":[4],"tags":[],"class_list":{"0":"post-73937","1":"post","2":"type-post","3":"status-publish","4":"format-standard","5":"has-post-thumbnail","7":"category-actualidad"},"_links":{"self":[{"href":"https:\/\/primicias2262.com\/noticias\/wp-json\/wp\/v2\/posts\/73937","targetHints":{"allow":["GET"]}}],"collection":[{"href":"https:\/\/primicias2262.com\/noticias\/wp-json\/wp\/v2\/posts"}],"about":[{"href":"https:\/\/primicias2262.com\/noticias\/wp-json\/wp\/v2\/types\/post"}],"author":[{"embeddable":true,"href":"https:\/\/primicias2262.com\/noticias\/wp-json\/wp\/v2\/users\/3"}],"replies":[{"embeddable":true,"href":"https:\/\/primicias2262.com\/noticias\/wp-json\/wp\/v2\/comments?post=73937"}],"version-history":[{"count":0,"href":"https:\/\/primicias2262.com\/noticias\/wp-json\/wp\/v2\/posts\/73937\/revisions"}],"wp:featuredmedia":[{"embeddable":true,"href":"https:\/\/primicias2262.com\/noticias\/wp-json\/"}],"wp:attachment":[{"href":"https:\/\/primicias2262.com\/noticias\/wp-json\/wp\/v2\/media?parent=73937"}],"wp:term":[{"taxonomy":"category","embeddable":true,"href":"https:\/\/primicias2262.com\/noticias\/wp-json\/wp\/v2\/categories?post=73937"},{"taxonomy":"post_tag","embeddable":true,"href":"https:\/\/primicias2262.com\/noticias\/wp-json\/wp\/v2\/tags?post=73937"}],"curies":[{"name":"wp","href":"https:\/\/api.w.org\/{rel}","templated":true}]}}