{"id":73943,"date":"2021-03-10T08:48:53","date_gmt":"2021-03-10T11:48:53","guid":{"rendered":"https:\/\/primicias2262.com\/?p=73943"},"modified":"2021-03-10T08:48:53","modified_gmt":"2021-03-10T11:48:53","slug":"lanzan-el-registro-de-trabajadores-de-la-economia-popular-junto-a-dirigentes-de-la-utep","status":"publish","type":"post","link":"https:\/\/primicias2262.com\/noticias\/lanzan-el-registro-de-trabajadores-de-la-economia-popular-junto-a-dirigentes-de-la-utep\/","title":{"rendered":"Lanzan el Registro de Trabajadores de la Econom\u00eda Popular, junto a dirigentes de la UTEP"},"content":{"rendered":"<p>Gildo Onorato, dirigente de la Uni\u00f3n de Trabajadores y Trabajadoras de la Econom\u00eda Popular,\u00a0indic\u00f3 que a partir del Registro \u00abse reconoce la diferencia entre trabajo y empleo\u00bb y se reconoce \u00abuna nueva relaci\u00f3n social, la de trabajadores que se inventan su propio trabajo, sin patr\u00f3n\u00bb.<\/p>\n<p>El gobierno nacional presentar\u00e1 este mi\u00e9rcoles el Registro de Asociaciones de Trabajadores de la Econom\u00eda Popular y de Subsistencia B\u00e1sica (Ratepsb), a trav\u00e9s del cual buscar\u00e1 dar \u00abm\u00e1s representatividad\u00bb a las organizaciones sociales y permitir\u00e1 canalizar en forma m\u00e1s \u00e1gil las demandas de esos movimientos.<\/p>\n<p>La presentaci\u00f3n -que encabezar\u00e1 el ministro de Trabajo, Claudio Moroni- se desarrollar\u00e1 este mi\u00e9rcoles a partir de las 15, en la sede del Ministerio de Trabajo, confirmaron fuentes oficiales a T\u00e9lam.<\/p>\n<p>\u00abLa creaci\u00f3n del registro de asociaciones de trabajadores de la econom\u00eda popular abre el camino para consolidar un sector olvidado del trabajo y la producci\u00f3n, para darle representaci\u00f3n y mecanismos institucionales para afrontar la lucha por m\u00e1s derechos laborales\u00bb, dijo a T\u00e9lam\u00a0<strong>Gildo Onorato<\/strong>, presidente de la Federaci\u00f3n de Cooperativas de Trabajo Evita y dirigente de la Uni\u00f3n de Trabajadores y Trabajadoras de la Econom\u00eda Popular (Utep).<\/p>\n<p>Adem\u00e1s, el dirigente agreg\u00f3 que, a partir del Registro \u00abse reconoce la diferencia entre trabajo y empleo y reconoce tambi\u00e9n una nueva relaci\u00f3n social, la de trabajadores que se inventan su propio trabajo, sin patr\u00f3n\u00bb.<\/p>\n<p><strong>Del encuentro participar\u00e1n, junto a los funcionarios de la cartera laboral, los referentes de la Utep, integrada por el Movimiento Evita, el Movimientos Somos Barrios de Pie, la Corriente Clasista y Combativa (CCC) y el Frente Popular Dar\u00edo Santill\u00e1n, entre otras.<\/strong><\/p>\n<p>\u00abEl registro tambi\u00e9n brindar\u00e1 una protecci\u00f3n jur\u00eddica bajo el paraguas de una personer\u00eda social\u00bb, adelantaron a T\u00e9lam voceros de los movimientos sociales.<\/p>\n<p>El Registro de Asociaciones de Trabajadores de la Econom\u00eda Popular y de Subsistencia B\u00e1sica tendr\u00e1 como prop\u00f3sito brindarles a las organizaciones sociales un \u00abmarco jur\u00eddico a nuevos sujetos que act\u00faen como interlocutores que ejerzan su representaci\u00f3n y que permitan canalizar en un \u00e1mbito de legalidad, las peticiones y las iniciativas para el desarrollo\u00bb.<\/p>\n<p>La iniciativa oficial atiende una de las exigencias hist\u00f3ricas de las organizaciones sociales, tanto las que surgieron al calor de la crisis de 2001 como las m\u00e1s recientes: contar con herramientas jur\u00eddicas y una estructura administrativa reconocida por el Estado para encarrilar sus demandas.<\/p>\n<p>En ninguna repartici\u00f3n p\u00fablica cuentan en la actualidad con un padr\u00f3n de miembros de movimientos sociales pero reconocen que son centenares de miles las personas organizadas en los movimientos populares.<\/p>\n<p><strong>Dina S\u00e1nchez<\/strong>, referente nacional del Frente Popular Dar\u00edo Santill\u00e1n (FPDS), dijo a esta agencia: \u00abPara las trabajadoras y trabajadores de la econom\u00eda popular estamos ante un hecho hist\u00f3rico porque despu\u00e9s de mucho tiempo logramos dar pasos en el reconocimiento de nuestro sector y avanzamos para la construcci\u00f3n de un sindicato de primer grado de los movimientos sociales\u00bb.<\/p>\n<p>\u00abDurante la pandemia -destac\u00f3- hemos demostrado que llevamos adelante una tarea esencial, que va desde la producci\u00f3n de alimentos, la confecci\u00f3n de barbijos hasta las tareas de cuidado y de alimentaci\u00f3n a nuestros vecinos y vecinas. Con esta resoluci\u00f3n del Gobierno podemos avanzar formalmente en la constituci\u00f3n de un gremio y como tal discutir las reivindicaciones para los trabajadores de la econom\u00eda popular\u00bb, destac\u00f3 la dirigente social.<\/p>\n","protected":false},"excerpt":{"rendered":"<p>Gildo Onorato, dirigente de la Uni\u00f3n de Trabajadores y Trabajadoras de la Econom\u00eda Popular,\u00a0indic\u00f3 que a partir del Registro \u00abse reconoce la diferencia entre trabajo y empleo\u00bb y se reconoce \u00abuna nueva relaci\u00f3n social, la de trabajadores que se inventan su propio trabajo, sin patr\u00f3n\u00bb. El gobierno nacional presentar\u00e1 este mi\u00e9rcoles el Registro de Asociaciones [&hellip;]<\/p>\n","protected":false},"author":3,"featured_media":73944,"comment_status":"closed","ping_status":"closed","sticky":false,"template":"","format":"standard","meta":{"footnotes":""},"categories":[4],"tags":[],"class_list":{"0":"post-73943","1":"post","2":"type-post","3":"status-publish","4":"format-standard","5":"has-post-thumbnail","7":"category-actualidad"},"_links":{"self":[{"href":"https:\/\/primicias2262.com\/noticias\/wp-json\/wp\/v2\/posts\/73943","targetHints":{"allow":["GET"]}}],"collection":[{"href":"https:\/\/primicias2262.com\/noticias\/wp-json\/wp\/v2\/posts"}],"about":[{"href":"https:\/\/primicias2262.com\/noticias\/wp-json\/wp\/v2\/types\/post"}],"author":[{"embeddable":true,"href":"https:\/\/primicias2262.com\/noticias\/wp-json\/wp\/v2\/users\/3"}],"replies":[{"embeddable":true,"href":"https:\/\/primicias2262.com\/noticias\/wp-json\/wp\/v2\/comments?post=73943"}],"version-history":[{"count":0,"href":"https:\/\/primicias2262.com\/noticias\/wp-json\/wp\/v2\/posts\/73943\/revisions"}],"wp:featuredmedia":[{"embeddable":true,"href":"https:\/\/primicias2262.com\/noticias\/wp-json\/"}],"wp:attachment":[{"href":"https:\/\/primicias2262.com\/noticias\/wp-json\/wp\/v2\/media?parent=73943"}],"wp:term":[{"taxonomy":"category","embeddable":true,"href":"https:\/\/primicias2262.com\/noticias\/wp-json\/wp\/v2\/categories?post=73943"},{"taxonomy":"post_tag","embeddable":true,"href":"https:\/\/primicias2262.com\/noticias\/wp-json\/wp\/v2\/tags?post=73943"}],"curies":[{"name":"wp","href":"https:\/\/api.w.org\/{rel}","templated":true}]}}