{"id":73946,"date":"2021-03-10T08:53:11","date_gmt":"2021-03-10T11:53:11","guid":{"rendered":"https:\/\/primicias2262.com\/?p=73946"},"modified":"2021-03-10T08:53:11","modified_gmt":"2021-03-10T11:53:11","slug":"se-acotaran-los-festejos-por-los-110-anos-de-san-cayetano-debido-a-la-pandemia","status":"publish","type":"post","link":"https:\/\/primicias2262.com\/noticias\/se-acotaran-los-festejos-por-los-110-anos-de-san-cayetano-debido-a-la-pandemia\/","title":{"rendered":"Se acotar\u00e1n los festejos por los 110 a\u00f1os de San Cayetano debido a la pandemia"},"content":{"rendered":"<p><strong>El pr\u00f3ximo s\u00e1bado 13 de marzo, la ciudad de San Cayetano cumple 110 a\u00f1os. Debido a la situaci\u00f3n sanitaria actual por la que atraviesa el mundo, se decidi\u00f3 no realizar celebraciones donde se aglomeren muchas personas, acotando los festejos y analiz\u00e1ndose con el tiempo su concreci\u00f3n.<\/strong><\/p>\n<p>En ese sentido, a las 11:00 horas el intendente Miguel Gargaglione y funcionarios municipales realizar\u00e1n un descubrimiento de placa en hall del Palacio Municipal.<\/p>\n<p>Seguidamente se dirigir\u00e1n hacia el ingreso al Sector Industrial Planificado donde se desarrollar\u00e1 un acto de imposici\u00f3n del nombre \u201cRafael Chiarad\u00eda\u201d a la calle de ingreso al SIP.<\/p>\n<p>Finalmente, a las 17:00 horas en el Paseo Frente de V\u00edas se concluir\u00e1 la obra \u201c110 sue\u00f1os\u201d, un mural colectivo tridimensional en donde las aves en vuelo son las protagonistas.<\/p>\n","protected":false},"excerpt":{"rendered":"<p>El pr\u00f3ximo s\u00e1bado 13 de marzo, la ciudad de San Cayetano cumple 110 a\u00f1os. Debido a la situaci\u00f3n sanitaria actual por la que atraviesa el mundo, se decidi\u00f3 no realizar celebraciones donde se aglomeren muchas personas, acotando los festejos y analiz\u00e1ndose con el tiempo su concreci\u00f3n. En ese sentido, a las 11:00 horas el intendente [&hellip;]<\/p>\n","protected":false},"author":3,"featured_media":73947,"comment_status":"closed","ping_status":"closed","sticky":false,"template":"","format":"standard","meta":{"footnotes":""},"categories":[4],"tags":[],"class_list":{"0":"post-73946","1":"post","2":"type-post","3":"status-publish","4":"format-standard","5":"has-post-thumbnail","7":"category-actualidad"},"_links":{"self":[{"href":"https:\/\/primicias2262.com\/noticias\/wp-json\/wp\/v2\/posts\/73946","targetHints":{"allow":["GET"]}}],"collection":[{"href":"https:\/\/primicias2262.com\/noticias\/wp-json\/wp\/v2\/posts"}],"about":[{"href":"https:\/\/primicias2262.com\/noticias\/wp-json\/wp\/v2\/types\/post"}],"author":[{"embeddable":true,"href":"https:\/\/primicias2262.com\/noticias\/wp-json\/wp\/v2\/users\/3"}],"replies":[{"embeddable":true,"href":"https:\/\/primicias2262.com\/noticias\/wp-json\/wp\/v2\/comments?post=73946"}],"version-history":[{"count":0,"href":"https:\/\/primicias2262.com\/noticias\/wp-json\/wp\/v2\/posts\/73946\/revisions"}],"wp:featuredmedia":[{"embeddable":true,"href":"https:\/\/primicias2262.com\/noticias\/wp-json\/"}],"wp:attachment":[{"href":"https:\/\/primicias2262.com\/noticias\/wp-json\/wp\/v2\/media?parent=73946"}],"wp:term":[{"taxonomy":"category","embeddable":true,"href":"https:\/\/primicias2262.com\/noticias\/wp-json\/wp\/v2\/categories?post=73946"},{"taxonomy":"post_tag","embeddable":true,"href":"https:\/\/primicias2262.com\/noticias\/wp-json\/wp\/v2\/tags?post=73946"}],"curies":[{"name":"wp","href":"https:\/\/api.w.org\/{rel}","templated":true}]}}