{"id":73949,"date":"2021-03-10T10:46:27","date_gmt":"2021-03-10T13:46:27","guid":{"rendered":"https:\/\/primicias2262.com\/?p=73949"},"modified":"2021-03-10T10:46:27","modified_gmt":"2021-03-10T13:46:27","slug":"el-consejo-escolar-compro-mobiliario-por-casi-3-millones-de-pesos","status":"publish","type":"post","link":"https:\/\/primicias2262.com\/noticias\/el-consejo-escolar-compro-mobiliario-por-casi-3-millones-de-pesos\/","title":{"rendered":"El Consejo Escolar compr\u00f3 mobiliario por casi 3 millones de pesos"},"content":{"rendered":"<p><strong>En nota con \u201cVoces de la Ciudad\u201d, el presidente del Consejo Escolar de Necochea, Juan de la Calle, explic\u00f3 el procedimiento con Provincia a trav\u00e9s del cual pudieron adquirir 300 mesas y m\u00e1s de 600 sillas para repartir en distintos establecimientos educativos de la ciudad.<\/strong><\/p>\n<p>Al ser consultado por el periodista Jorge G\u00f3mez, de la Calle inform\u00f3: \u201cHemos recibido mobiliario, pero en este caso en vez de ser enviado por Provincia, se ha hecho una compra a una f\u00e1brica. Hemos pedido tres presupuestos a f\u00e1bricas de Capital y nos decidimos por una que nos hac\u00eda unas bonificaciones con sillas, as\u00ed que hemos comprado alrededor de 300 mesas y 650 sillas, lo cual tuvo un costo de casi 3 millones de pesos\u201d.<\/p>\n<p>De todas formas, el directivo aclar\u00f3 que \u201cson fondos que env\u00eda Provincia, pero esta vez ha sido distinto el mecanismo, ya que nos han dado la posibilidad de ser nosotros los que compremos, y esto a su vez gener\u00f3 que los env\u00edos sean mucho m\u00e1s r\u00e1pidos y ya estamos preparando los destinos de las diferentes escuelas a donde va a ir el mobiliario, vamos a tratar de alcanzar a la mayor\u00eda\u201d.<\/p>\n<p><img loading=\"lazy\" decoding=\"async\" class=\"aligncenter size-full wp-image-73950\" src=\"https:\/\/primicias2262.com\/wp-content\/uploads\/2021\/03\/mobiliario.jpeg\" alt=\"\" width=\"780\" height=\"1040\" \/><\/p>\n<p><strong>Se cubrieron los recorridos de Santamarina y Costa Bonita tras una licitaci\u00f3n<\/strong><\/p>\n<p>Por otra parte, de la Calle inform\u00f3 sobre el proceso licitatorio por el cual se contrat\u00f3 a la empresa Musa de Mar del Plata para cubrir los recorridos de Ram\u00f3n Santamarina y Costa Bonita: \u201cPara no decidir arbitrariamente por una sola empresa, desde el Consejo Escolar le dimos la posibilidad a varias, y se decidi\u00f3 hacer la contrataci\u00f3n a la empresa Musa de Mar del Plata por la calidad de las unidades modernas con que cuenta. Incluso, destac\u00f3 que \u201ctrabaja hace tres a\u00f1os con nosotros en los recorridos de Claraz y La Dulce\u201d.<\/p>\n","protected":false},"excerpt":{"rendered":"<p>En nota con \u201cVoces de la Ciudad\u201d, el presidente del Consejo Escolar de Necochea, Juan de la Calle, explic\u00f3 el procedimiento con Provincia a trav\u00e9s del cual pudieron adquirir 300 mesas y m\u00e1s de 600 sillas para repartir en distintos establecimientos educativos de la ciudad. Al ser consultado por el periodista Jorge G\u00f3mez, de la [&hellip;]<\/p>\n","protected":false},"author":3,"featured_media":73951,"comment_status":"closed","ping_status":"closed","sticky":false,"template":"","format":"standard","meta":{"footnotes":""},"categories":[3],"tags":[],"class_list":{"0":"post-73949","1":"post","2":"type-post","3":"status-publish","4":"format-standard","5":"has-post-thumbnail","7":"category-masnoticias"},"_links":{"self":[{"href":"https:\/\/primicias2262.com\/noticias\/wp-json\/wp\/v2\/posts\/73949","targetHints":{"allow":["GET"]}}],"collection":[{"href":"https:\/\/primicias2262.com\/noticias\/wp-json\/wp\/v2\/posts"}],"about":[{"href":"https:\/\/primicias2262.com\/noticias\/wp-json\/wp\/v2\/types\/post"}],"author":[{"embeddable":true,"href":"https:\/\/primicias2262.com\/noticias\/wp-json\/wp\/v2\/users\/3"}],"replies":[{"embeddable":true,"href":"https:\/\/primicias2262.com\/noticias\/wp-json\/wp\/v2\/comments?post=73949"}],"version-history":[{"count":0,"href":"https:\/\/primicias2262.com\/noticias\/wp-json\/wp\/v2\/posts\/73949\/revisions"}],"wp:featuredmedia":[{"embeddable":true,"href":"https:\/\/primicias2262.com\/noticias\/wp-json\/"}],"wp:attachment":[{"href":"https:\/\/primicias2262.com\/noticias\/wp-json\/wp\/v2\/media?parent=73949"}],"wp:term":[{"taxonomy":"category","embeddable":true,"href":"https:\/\/primicias2262.com\/noticias\/wp-json\/wp\/v2\/categories?post=73949"},{"taxonomy":"post_tag","embeddable":true,"href":"https:\/\/primicias2262.com\/noticias\/wp-json\/wp\/v2\/tags?post=73949"}],"curies":[{"name":"wp","href":"https:\/\/api.w.org\/{rel}","templated":true}]}}