{"id":73953,"date":"2021-03-10T11:58:26","date_gmt":"2021-03-10T14:58:26","guid":{"rendered":"https:\/\/primicias2262.com\/?p=73953"},"modified":"2021-03-10T11:58:26","modified_gmt":"2021-03-10T14:58:26","slug":"salguero-aseguro-que-el-acceso-al-irurzun-ahora-es-un-placer-y-senalo-que-la-guardia-esta-casi-lista","status":"publish","type":"post","link":"https:\/\/primicias2262.com\/noticias\/salguero-aseguro-que-el-acceso-al-irurzun-ahora-es-un-placer-y-senalo-que-la-guardia-esta-casi-lista\/","title":{"rendered":"Salguero asegur\u00f3 que el acceso al Irurzun ahora \u201ces un placer\u201d y se\u00f1al\u00f3 que la Guardia est\u00e1 casi lista"},"content":{"rendered":"<p><strong>El director del Hospital Irurzun de Quequ\u00e9n, Nicol\u00e1s Salguero, fue entrevistado por el periodista Jorge G\u00f3mez en la ma\u00f1ana de \u201cVoces de la Ciudad\u201d, que se emite por FM Vinilo, 103.5 del dial, ocasi\u00f3n en la que el profesional se expres\u00f3 muy contento por la obra finalizada de pavimentaci\u00f3n en torno al nosocomio, al tiempo que palpit\u00f3 los \u00faltimos detalles que restan para presentar una guardia que elevar\u00e1 el nivel de los servicios prestados a la comunidad.<\/strong><\/p>\n<p>Respecto al primer tema, y de las obras otorgadas por el Consorcio de Gesti\u00f3n de Puerto Quequ\u00e9n, Salguero manifest\u00f3 que \u201cen el inicio de esta semana terminaron de hacer el asfalto, uno no se da cuenta todo lo que pasaba cuando el asfalto estaba roto y ahora el acceso al hospital se transform\u00f3 en un placer, parece que fuera una autopista\u201d.<\/p>\n<p>Este hecho \u201cinfluye para positivo en la vida de los vecinos, no es s\u00f3lo para el acceso al hospital, por eso tantas repercusiones de la gente en las redes sociales\u201d, sostuvo, y hasta se anim\u00f3 a bromear al expresar que \u201cla ambulancia est\u00e1 feliz porque todos los a\u00f1os hab\u00eda que cambiarle los amortiguadores\u201d.<\/p>\n<p><img loading=\"lazy\" decoding=\"async\" class=\"aligncenter size-full wp-image-72125\" src=\"https:\/\/primicias2262.com\/wp-content\/uploads\/2021\/01\/irurzun-scaled.jpg\" alt=\"\" width=\"2560\" height=\"1440\" \/><\/p>\n<p>Acto seguido, Salguero resalt\u00f3 que \u201cesto tuvo que ver con la gesti\u00f3n que tuvo el intendente Arturo Rojas ante el Consorcio, e incluso con las gestiones que \u00e9l ya hab\u00eda hecho cuando era presidente del CGPQ para realizarlo en anteriores gestiones y no se pudo hacer, pero ahora fue posible\u201d.<\/p>\n<p>Vale destacarse en este caso que se pavimento desde la Av. Tripiana (exLober\u00eda) y 541 hasta el hospital, y la vuelta completa al mismo por donde est\u00e1 el Jard\u00edn Maternal \u2018Barquito de Papel\u2019, con fondos destinados por el Consorcio de Gesti\u00f3n de Puerto Quequ\u00e9n y el monitoreo de la Municipalidad.<\/p>\n<p><strong>La inauguraci\u00f3n de la ampliaci\u00f3n de la Guardia es inminente<\/strong><\/p>\n<p>Por otra parte, Salguero se refiri\u00f3 al tramo final de la obra de restauraci\u00f3n de la Guardia del irurzun, al informar que \u201cya est\u00e1 casi lista\u2026 todos los d\u00edas la visitamos con muchas ansias de poder inaugurar, quedan algunos detalles, estamos con una semana de demora con el ox\u00edgeno central y la instalaci\u00f3n de los cabezales, pero ya casi est\u00e1 y me atrevo a decir que a fin de mes o primera semana de abril ya estar\u00e1 en funcionamiento\u201d.<\/p>\n<p>\u201cConociendo c\u00f3mo funcionaba la guardia y c\u00f3mo estaba la estructura, entrar ahora y verla c\u00f3mo esta, da placer\u201d -continu\u00f3 expresando-, para acotar que \u201cestamos gratamente sorprendidos porque tendremos una guardia del nivel de una cl\u00ednica privada para que se atienda la gente de Quequ\u00e9n y Necochea. Estamos ansiosos esperando, todos quieren entrar a conocerla\u201d.<\/p>\n\n<p>M\u00e1s a\u00fan, revel\u00f3 en el cierre de la nota que \u201cya estamos abocados a lo que es la capacitaci\u00f3n del personal porque esta guardia nos dar\u00e1 la posibilidad de atender en otro nivel, y para eso todo el recurso humano necesita una capacitaci\u00f3n y una preparaci\u00f3n para brindar un buen servicio\u201d.<\/p>\n","protected":false},"excerpt":{"rendered":"<p>El director del Hospital Irurzun de Quequ\u00e9n, Nicol\u00e1s Salguero, fue entrevistado por el periodista Jorge G\u00f3mez en la ma\u00f1ana de \u201cVoces de la Ciudad\u201d, que se emite por FM Vinilo, 103.5 del dial, ocasi\u00f3n en la que el profesional se expres\u00f3 muy contento por la obra finalizada de pavimentaci\u00f3n en torno al nosocomio, al tiempo [&hellip;]<\/p>\n","protected":false},"author":3,"featured_media":73957,"comment_status":"closed","ping_status":"closed","sticky":false,"template":"","format":"standard","meta":{"footnotes":""},"categories":[3],"tags":[],"class_list":{"0":"post-73953","1":"post","2":"type-post","3":"status-publish","4":"format-standard","5":"has-post-thumbnail","7":"category-masnoticias"},"_links":{"self":[{"href":"https:\/\/primicias2262.com\/noticias\/wp-json\/wp\/v2\/posts\/73953","targetHints":{"allow":["GET"]}}],"collection":[{"href":"https:\/\/primicias2262.com\/noticias\/wp-json\/wp\/v2\/posts"}],"about":[{"href":"https:\/\/primicias2262.com\/noticias\/wp-json\/wp\/v2\/types\/post"}],"author":[{"embeddable":true,"href":"https:\/\/primicias2262.com\/noticias\/wp-json\/wp\/v2\/users\/3"}],"replies":[{"embeddable":true,"href":"https:\/\/primicias2262.com\/noticias\/wp-json\/wp\/v2\/comments?post=73953"}],"version-history":[{"count":0,"href":"https:\/\/primicias2262.com\/noticias\/wp-json\/wp\/v2\/posts\/73953\/revisions"}],"wp:featuredmedia":[{"embeddable":true,"href":"https:\/\/primicias2262.com\/noticias\/wp-json\/"}],"wp:attachment":[{"href":"https:\/\/primicias2262.com\/noticias\/wp-json\/wp\/v2\/media?parent=73953"}],"wp:term":[{"taxonomy":"category","embeddable":true,"href":"https:\/\/primicias2262.com\/noticias\/wp-json\/wp\/v2\/categories?post=73953"},{"taxonomy":"post_tag","embeddable":true,"href":"https:\/\/primicias2262.com\/noticias\/wp-json\/wp\/v2\/tags?post=73953"}],"curies":[{"name":"wp","href":"https:\/\/api.w.org\/{rel}","templated":true}]}}