{"id":73982,"date":"2021-03-11T09:21:16","date_gmt":"2021-03-11T12:21:16","guid":{"rendered":"https:\/\/primicias2262.com\/?p=73982"},"modified":"2021-03-11T09:21:16","modified_gmt":"2021-03-11T12:21:16","slug":"pintaran-un-mural-en-barrio-san-martin-a-la-memoria-del-dr-mario-juliano","status":"publish","type":"post","link":"https:\/\/primicias2262.com\/noticias\/pintaran-un-mural-en-barrio-san-martin-a-la-memoria-del-dr-mario-juliano\/","title":{"rendered":"Pintar\u00e1n un mural en Barrio San Mart\u00edn a la memoria del Dr. Mario Juliano"},"content":{"rendered":"<p><strong>Ser\u00e1 este s\u00e1bado y domingo, en el marco del proyecto \u201cEl Barrio m\u00e1s lindo es el m\u00edo\u201d, que lleva adelante el Dr. Juan Pedro Arabarco con el apoyo de la ONG \u201cEfecto Mariposa\u201d.<\/strong><\/p>\n<p>En medio del avance de las pinturas de las 198 casas del barrio, Arabarco adem\u00e1s se\u00f1al\u00f3 en nota con el periodista Jorge G\u00f3mez para \u201cVoces de la Ciudad\u201d que \u201ctambi\u00e9n hay murales que estamos pintando, y este s\u00e1bado y domingo se va a pintar uno en homenaje al Dr. Mario Juliano. Ser\u00e1 en el costado de una vivienda cedida por una familia de 76 y 87 bis\u201d.<\/p>\n<p>El horario estipulado para la pintura es de 9\u00aa 14, kientras que se inform\u00f3 que para la jornada del domingo estar\u00e1 tocando en vivo la banda \u201cTachame la doble\u201d.<\/p>\n<p>\u201cEl conmemorativo a Mario Juliano es el 5to mural de 15 que pensamos pintar en el barrio. Los artistas est\u00e1n haciendo un trabajo enorme\u201d, inform\u00f3 Arabarco, quien a su vez adelant\u00f3 que \u201cnos visitar\u00e1n la presidenta de la Asociaci\u00f3n Civil Pensamiento Penal (desde la que Juliano apoyaba solidariamente en numerosos proyectos), familiares y amigos del doctor, y tambi\u00e9n se invita a la comunidad que quiera asistir al homenaje\u201d.<\/p>\n<p><img loading=\"lazy\" decoding=\"async\" class=\"aligncenter size-full wp-image-73983\" src=\"https:\/\/primicias2262.com\/wp-content\/uploads\/2021\/03\/mario-juliano.jpg\" alt=\"\" width=\"684\" height=\"960\" \/><\/p>\n<p>M\u00e1s a\u00fan, Arabarco revel\u00f3 en el cierre de la nota que \u201cqueremos que el proyecto contin\u00fae porque la idea nuestra es crear un taller para los ni\u00f1os para que hagan muralismo y se animen a pintar, ya que a medida que pasa el tiempo las cosas se van deteriorando\u201d.<\/p>\n","protected":false},"excerpt":{"rendered":"<p>Ser\u00e1 este s\u00e1bado y domingo, en el marco del proyecto \u201cEl Barrio m\u00e1s lindo es el m\u00edo\u201d, que lleva adelante el Dr. Juan Pedro Arabarco con el apoyo de la ONG \u201cEfecto Mariposa\u201d. En medio del avance de las pinturas de las 198 casas del barrio, Arabarco adem\u00e1s se\u00f1al\u00f3 en nota con el periodista Jorge [&hellip;]<\/p>\n","protected":false},"author":3,"featured_media":73984,"comment_status":"closed","ping_status":"closed","sticky":false,"template":"","format":"standard","meta":{"footnotes":""},"categories":[3],"tags":[],"class_list":{"0":"post-73982","1":"post","2":"type-post","3":"status-publish","4":"format-standard","5":"has-post-thumbnail","7":"category-masnoticias"},"_links":{"self":[{"href":"https:\/\/primicias2262.com\/noticias\/wp-json\/wp\/v2\/posts\/73982","targetHints":{"allow":["GET"]}}],"collection":[{"href":"https:\/\/primicias2262.com\/noticias\/wp-json\/wp\/v2\/posts"}],"about":[{"href":"https:\/\/primicias2262.com\/noticias\/wp-json\/wp\/v2\/types\/post"}],"author":[{"embeddable":true,"href":"https:\/\/primicias2262.com\/noticias\/wp-json\/wp\/v2\/users\/3"}],"replies":[{"embeddable":true,"href":"https:\/\/primicias2262.com\/noticias\/wp-json\/wp\/v2\/comments?post=73982"}],"version-history":[{"count":0,"href":"https:\/\/primicias2262.com\/noticias\/wp-json\/wp\/v2\/posts\/73982\/revisions"}],"wp:featuredmedia":[{"embeddable":true,"href":"https:\/\/primicias2262.com\/noticias\/wp-json\/"}],"wp:attachment":[{"href":"https:\/\/primicias2262.com\/noticias\/wp-json\/wp\/v2\/media?parent=73982"}],"wp:term":[{"taxonomy":"category","embeddable":true,"href":"https:\/\/primicias2262.com\/noticias\/wp-json\/wp\/v2\/categories?post=73982"},{"taxonomy":"post_tag","embeddable":true,"href":"https:\/\/primicias2262.com\/noticias\/wp-json\/wp\/v2\/tags?post=73982"}],"curies":[{"name":"wp","href":"https:\/\/api.w.org\/{rel}","templated":true}]}}