{"id":73986,"date":"2021-03-11T10:02:12","date_gmt":"2021-03-11T13:02:12","guid":{"rendered":"https:\/\/primicias2262.com\/?p=73986"},"modified":"2021-03-11T10:02:12","modified_gmt":"2021-03-11T13:02:12","slug":"pintadas-en-el-anfiteatro-es-un-acto-de-vandalismo-y-por-supuesto-que-lo-repudiamos","status":"publish","type":"post","link":"https:\/\/primicias2262.com\/noticias\/pintadas-en-el-anfiteatro-es-un-acto-de-vandalismo-y-por-supuesto-que-lo-repudiamos\/","title":{"rendered":"Pintadas en el Anfiteatro: \u201cEs un acto de vandalismo y por supuesto que lo repudiamos\u201d"},"content":{"rendered":"<p><strong>As\u00ed lo subray\u00f3 este jueves el director de Cultura, Juan Gamba, a trav\u00e9s de una breve nota en \u201cVoces de la Ciudad\u201d, realizada por el periodista Jorge G\u00f3mez.<\/strong><\/p>\n<p>Hac\u00eda pocas semanas que se hab\u00eda realizado una puesta en valor notable en el Anfiteatro municipal, entre el aporte del Corral\u00f3n Municipal, Cultura y lo hecho por la Asociaci\u00f3n Pinta Argentina, pero r\u00e1pido gan\u00f3 lugar tambi\u00e9n el vandalismo con pintadas que aparecieron en sectores del \u201cPedro Arozarena\u201d.<\/p>\n<p>A ra\u00edz de eso, Juan Gamba aclar\u00f3 esta ma\u00f1ana en \u201cVoces de la Ciudad \u201c que \u201cno son grafiteros, ya que si hablamos de grafiteros hablamos de arte urbano y de respeto\u2026 no considero que el grafitero haga vandalismo, sino que se encarga de solicitar sus espacios y es muy respetuoso, no podemos encasillarlo con el vandalismo, pero esto que hicieron es vandalismo, y por supuesto que lo repudiamos\u201d.<\/p>\n<p><img loading=\"lazy\" decoding=\"async\" class=\"aligncenter size-full wp-image-73990\" src=\"https:\/\/primicias2262.com\/wp-content\/uploads\/2021\/03\/juan-gamba.jpg\" alt=\"\" width=\"811\" height=\"458\" \/><\/p>\n<p>Agreg\u00f3 el funcionario municipal que \u201cesto es no respetar al otro, al trabajador del Corral\u00f3n municipal que ha estado pintando con pasi\u00f3n para dejar bien el Anfiteatro, que es de todos\u2026 y que vengan desorejados a hacer esto me parece una falta de respeto\u201d.<\/p>\n<p>Adem\u00e1s, \u201cno nos olvidemos que estuvo Pinta Argentina trabajando, que vino desinteresadamente a hermosearnos el Anfiteatro\u2026 esto pasa por educar acerca del respeto al trabajo del otro\u201d, concluy\u00f3.<\/p>\n","protected":false},"excerpt":{"rendered":"<p>As\u00ed lo subray\u00f3 este jueves el director de Cultura, Juan Gamba, a trav\u00e9s de una breve nota en \u201cVoces de la Ciudad\u201d, realizada por el periodista Jorge G\u00f3mez. Hac\u00eda pocas semanas que se hab\u00eda realizado una puesta en valor notable en el Anfiteatro municipal, entre el aporte del Corral\u00f3n Municipal, Cultura y lo hecho por [&hellip;]<\/p>\n","protected":false},"author":3,"featured_media":73988,"comment_status":"closed","ping_status":"closed","sticky":false,"template":"","format":"standard","meta":{"footnotes":""},"categories":[3],"tags":[],"class_list":{"0":"post-73986","1":"post","2":"type-post","3":"status-publish","4":"format-standard","5":"has-post-thumbnail","7":"category-masnoticias"},"_links":{"self":[{"href":"https:\/\/primicias2262.com\/noticias\/wp-json\/wp\/v2\/posts\/73986","targetHints":{"allow":["GET"]}}],"collection":[{"href":"https:\/\/primicias2262.com\/noticias\/wp-json\/wp\/v2\/posts"}],"about":[{"href":"https:\/\/primicias2262.com\/noticias\/wp-json\/wp\/v2\/types\/post"}],"author":[{"embeddable":true,"href":"https:\/\/primicias2262.com\/noticias\/wp-json\/wp\/v2\/users\/3"}],"replies":[{"embeddable":true,"href":"https:\/\/primicias2262.com\/noticias\/wp-json\/wp\/v2\/comments?post=73986"}],"version-history":[{"count":0,"href":"https:\/\/primicias2262.com\/noticias\/wp-json\/wp\/v2\/posts\/73986\/revisions"}],"wp:featuredmedia":[{"embeddable":true,"href":"https:\/\/primicias2262.com\/noticias\/wp-json\/"}],"wp:attachment":[{"href":"https:\/\/primicias2262.com\/noticias\/wp-json\/wp\/v2\/media?parent=73986"}],"wp:term":[{"taxonomy":"category","embeddable":true,"href":"https:\/\/primicias2262.com\/noticias\/wp-json\/wp\/v2\/categories?post=73986"},{"taxonomy":"post_tag","embeddable":true,"href":"https:\/\/primicias2262.com\/noticias\/wp-json\/wp\/v2\/tags?post=73986"}],"curies":[{"name":"wp","href":"https:\/\/api.w.org\/{rel}","templated":true}]}}