{"id":73993,"date":"2021-03-12T09:22:54","date_gmt":"2021-03-12T12:22:54","guid":{"rendered":"https:\/\/primicias2262.com\/?p=73993"},"modified":"2021-03-12T09:22:54","modified_gmt":"2021-03-12T12:22:54","slug":"el-plan-fines-sera-virtual-en-el-primer-cuatrimestre-y-ya-estan-pre-inscribiendo","status":"publish","type":"post","link":"https:\/\/primicias2262.com\/noticias\/el-plan-fines-sera-virtual-en-el-primer-cuatrimestre-y-ya-estan-pre-inscribiendo\/","title":{"rendered":"El Plan Fines ser\u00e1 virtual en el primer cuatrimestre y ya est\u00e1n pre inscribiendo"},"content":{"rendered":"<p><strong>As\u00ed lo inform\u00f3 el coordinador de dicho plan en Necochea, N\u00e9stor Sol\u00eds, mediante una nota realizada por el periodista Jorge G\u00f3mez en \u201cVoces de la Ciudad\u201d, que se emite por FM Vinilo 103.5.<\/strong><\/p>\n<p>Durante el di\u00e1logo, Sol\u00eds apunt\u00f3 que \u201ccomo a todos, la pandemia afect\u00f3 el plan de estudio del FINES, que siempre fue presencial y el a\u00f1o pasado tuvo que ser virtual, fue bastante dif\u00edcil y se marc\u00f3 cierta desigualdad porque el tema de la tecnolog\u00eda por ah\u00ed no todos la pueden manejar, pero de a poco se pudo hacer y se termin\u00f3 el a\u00f1o con todo el esfuerzo de alumnos y docentes para adaptarse a la modalidad\u201d.<\/p>\n<p>\u201cMientras que este a\u00f1o, -acot\u00f3- estamos comenzando una pre inscripci\u00f3n para todos aquellos que quieran continuar. Estamos en otra oficina que no es la de la Escuela N\u00ba 2, sino que Jefatura Distrital nos ofreci\u00f3 un lugar en calle 49 N\u00ba 2557, entre 56 y 58, de lunes a viernes de 13.30 a 17, . Oficialmente no tenemos una fecha de inicio, ser\u00eda para despu\u00e9s de Semana Santa, aunque tenemos confirmado que este primer cuatrimestre va a ser virtual\u201d.<\/p>\n<p>En tanto, record\u00f3 que el FINES \u201ces un programa de estudio para j\u00f3venes y adultos mayores, para todos aquellos que quieran comenzar a estudiar secundario o aquellos que quieran terminar el mismo, o para quienes les ha quedado alguna materia previa y no se acercaron m\u00e1s a rendirlo, hay una modalidad que se llama Fines deudores de materias, que es para eso\u201d.<\/p>\n<p>Finalmente, Sol\u00eds aclar\u00f3 que \u201cla modalidad ser\u00e1 virtual hasta que todo se vaya normalizando y se seguir\u00e1 en los diferentes lugares donde se desarrolla el programa. La matr\u00edcula supera los 1000 alumnos, pero al ser virtual va a decaer un poco, aunque con los docentes y el equipo de trabajo intentamos que el v\u00ednculo contin\u00fae\u201d.<\/p>\n","protected":false},"excerpt":{"rendered":"<p>As\u00ed lo inform\u00f3 el coordinador de dicho plan en Necochea, N\u00e9stor Sol\u00eds, mediante una nota realizada por el periodista Jorge G\u00f3mez en \u201cVoces de la Ciudad\u201d, que se emite por FM Vinilo 103.5. Durante el di\u00e1logo, Sol\u00eds apunt\u00f3 que \u201ccomo a todos, la pandemia afect\u00f3 el plan de estudio del FINES, que siempre fue presencial [&hellip;]<\/p>\n","protected":false},"author":3,"featured_media":74033,"comment_status":"closed","ping_status":"closed","sticky":false,"template":"","format":"standard","meta":{"footnotes":""},"categories":[3],"tags":[],"class_list":{"0":"post-73993","1":"post","2":"type-post","3":"status-publish","4":"format-standard","5":"has-post-thumbnail","7":"category-masnoticias"},"_links":{"self":[{"href":"https:\/\/primicias2262.com\/noticias\/wp-json\/wp\/v2\/posts\/73993","targetHints":{"allow":["GET"]}}],"collection":[{"href":"https:\/\/primicias2262.com\/noticias\/wp-json\/wp\/v2\/posts"}],"about":[{"href":"https:\/\/primicias2262.com\/noticias\/wp-json\/wp\/v2\/types\/post"}],"author":[{"embeddable":true,"href":"https:\/\/primicias2262.com\/noticias\/wp-json\/wp\/v2\/users\/3"}],"replies":[{"embeddable":true,"href":"https:\/\/primicias2262.com\/noticias\/wp-json\/wp\/v2\/comments?post=73993"}],"version-history":[{"count":0,"href":"https:\/\/primicias2262.com\/noticias\/wp-json\/wp\/v2\/posts\/73993\/revisions"}],"wp:featuredmedia":[{"embeddable":true,"href":"https:\/\/primicias2262.com\/noticias\/wp-json\/"}],"wp:attachment":[{"href":"https:\/\/primicias2262.com\/noticias\/wp-json\/wp\/v2\/media?parent=73993"}],"wp:term":[{"taxonomy":"category","embeddable":true,"href":"https:\/\/primicias2262.com\/noticias\/wp-json\/wp\/v2\/categories?post=73993"},{"taxonomy":"post_tag","embeddable":true,"href":"https:\/\/primicias2262.com\/noticias\/wp-json\/wp\/v2\/tags?post=73993"}],"curies":[{"name":"wp","href":"https:\/\/api.w.org\/{rel}","templated":true}]}}